{"id":15895,"date":"2026-03-26T17:25:31","date_gmt":"2026-03-26T20:25:31","guid":{"rendered":"https:\/\/jeffersonisac.adv.br\/index.php\/2026\/03\/26\/comissao-aprova-criacao-da-politica-nacional-de-prevencao-e-controle-das-doencas-de-pele\/"},"modified":"2026-03-26T17:25:31","modified_gmt":"2026-03-26T20:25:31","slug":"comissao-aprova-criacao-da-politica-nacional-de-prevencao-e-controle-das-doencas-de-pele","status":"publish","type":"post","link":"https:\/\/jeffersonisac.adv.br\/index.php\/2026\/03\/26\/comissao-aprova-criacao-da-politica-nacional-de-prevencao-e-controle-das-doencas-de-pele\/","title":{"rendered":"Comiss\u00e3o aprova cria\u00e7\u00e3o da Pol\u00edtica Nacional de Preven\u00e7\u00e3o e Controle das Doen\u00e7as de Pele"},"content":{"rendered":"<div class=\"image-container\">\n<div class=\"midia-creditos\"><em>Renato Ara\u00fajo \/ C\u00e2mara dos Deputados<\/em><\/div>\n<div class=\"media-wrapper\"><\/div>\n<div class=\"midia-legenda\">Deputada Laura Carneiro, relatora do projeto de lei<\/div>\n<\/div>\n<p class=\"mb-2 whitespace-pre-wrap\">A Comiss\u00e3o de Constitui\u00e7\u00e3o e Justi\u00e7a e de Cidadania da C\u00e2mara dos Deputados aprovou a proposta que institui a Pol\u00edtica Nacional de Preven\u00e7\u00e3o, Tratamento e Controle das Doen\u00e7as Cr\u00f4nicas da Pele no \u00e2mbito do Sistema \u00danico de Sa\u00fade (SUS). O objetivo \u00e9 garantir atendimento integral e multidisciplinar a pacientes com condi\u00e7\u00f5es como psor\u00edase, dermatite at\u00f3pica, vitiligo e urtic\u00e1ria.<\/p>\n<p>Como foi analisada em <span class=\"termoGlossario\">car\u00e1ter conclusivo<\/span>, o projeto de lei poder\u00e1 seguir para o Senado, salvo se houver recurso para an\u00e1lise no Plen\u00e1rio da C\u00e2mara. Para virar lei, a vers\u00e3o final do texto precisa ser aprovada pelas duas Casas.<\/p>\n<p><a href=\"https:\/\/www.camara.leg.br\/noticias\/573454-SAIBA-MAIS-SOBRE-A-TRAMITACAO-DE-PROJETOS-DE-LEI\">Saiba mais sobre a tramita\u00e7\u00e3o de projetos de lei<\/a><\/p>\n<p>&#8220;O projeto enfatiza a import\u00e2ncia de um acesso universal e humanizado \u00e0 sa\u00fade, reconhecendo a necessidade de tratar as doen\u00e7as cr\u00f4nicas da pele com uma abordagem que respeita a dignidade e a individualidade de cada paciente&#8221;, diz a justificativa.<\/p>\n<p class=\"mb-2 whitespace-pre-wrap\">Por recomenda\u00e7\u00e3o da relatora, deputada Laura Carneiro (PSD-RJ), o colegiado aprovou o <span class=\"termoGlossario\">substitutivo<\/span> da Comiss\u00e3o de Sa\u00fade ao Projeto de Lei 4623\/23, de autoria do deputado Cabo Gilberto Silva (PL-PB).<\/p>\n<p class=\"mb-2 whitespace-pre-wrap\">Laura Carneiro apresentou emendas de reda\u00e7\u00e3o e t\u00e9cnica legislativa. Uma das principais altera\u00e7\u00f5es foi retirar a obrigatoriedade de o Executivo regulamentar a lei em um prazo fixo (originalmente 120 dias), respeitando a separa\u00e7\u00e3o de poderes e a jurisprud\u00eancia do Supremo Tribunal Federal (STF).<\/p>\n<p class=\"mb-2 whitespace-pre-wrap\"><strong>Diretrizes do Novo Programa<br \/>\n<\/strong>Pelo texto, o SUS dever\u00e1 oferecer n\u00e3o apenas o tratamento cl\u00ednico (dermatol\u00f3gico), mas tamb\u00e9m acompanhamento psicol\u00f3gico e assist\u00eancia social, reconhecendo o impacto emocional e o estigma que muitas dessas doen\u00e7as causam.<\/p>\n<p>Acesso universal e humanizado: garantia de tratamento digno em todas as fases da doen\u00e7a;<br \/>\nDiagn\u00f3stico precoce: fortalecimento da aten\u00e7\u00e3o prim\u00e1ria para identificar os casos rapidamente;<br \/>\nProtocolos atualizados: revis\u00e3o peri\u00f3dica das diretrizes terap\u00eauticas com base nas evid\u00eancias cient\u00edficas mais recentes;<br \/>\nCampanhas educativas: a\u00e7\u00f5es para conscientizar a popula\u00e7\u00e3o e reduzir o preconceito contra doen\u00e7as vis\u00edveis de pele.<\/p>","protected":false},"excerpt":{"rendered":"<p>Renato Ara\u00fajo \/ C\u00e2mara dos Deputados Deputada Laura Carneiro, relatora do projeto de lei A Comiss\u00e3o de Constitui\u00e7\u00e3o e Justi\u00e7a e de Cidadania da C\u00e2mara dos Deputados aprovou a proposta que institui a Pol\u00edtica Nacional de Preven\u00e7\u00e3o, Tratamento e Controle das Doen\u00e7as Cr\u00f4nicas da Pele no \u00e2mbito do Sistema \u00danico de Sa\u00fade (SUS). O objetivo [&hellip;]<\/p>\n","protected":false},"author":0,"featured_media":0,"comment_status":"open","ping_status":"open","sticky":false,"template":"","format":"standard","meta":{"footnotes":""},"categories":[1],"tags":[],"_links":{"self":[{"href":"https:\/\/jeffersonisac.adv.br\/index.php\/wp-json\/wp\/v2\/posts\/15895"}],"collection":[{"href":"https:\/\/jeffersonisac.adv.br\/index.php\/wp-json\/wp\/v2\/posts"}],"about":[{"href":"https:\/\/jeffersonisac.adv.br\/index.php\/wp-json\/wp\/v2\/types\/post"}],"replies":[{"embeddable":true,"href":"https:\/\/jeffersonisac.adv.br\/index.php\/wp-json\/wp\/v2\/comments?post=15895"}],"version-history":[{"count":0,"href":"https:\/\/jeffersonisac.adv.br\/index.php\/wp-json\/wp\/v2\/posts\/15895\/revisions"}],"wp:attachment":[{"href":"https:\/\/jeffersonisac.adv.br\/index.php\/wp-json\/wp\/v2\/media?parent=15895"}],"wp:term":[{"taxonomy":"category","embeddable":true,"href":"https:\/\/jeffersonisac.adv.br\/index.php\/wp-json\/wp\/v2\/categories?post=15895"},{"taxonomy":"post_tag","embeddable":true,"href":"https:\/\/jeffersonisac.adv.br\/index.php\/wp-json\/wp\/v2\/tags?post=15895"}],"curies":[{"name":"wp","href":"https:\/\/api.w.org\/{rel}","templated":true}]}}