{"id":15897,"date":"2026-03-26T20:26:56","date_gmt":"2026-03-26T23:26:56","guid":{"rendered":"https:\/\/jeffersonisac.adv.br\/index.php\/2026\/03\/26\/por-8-votos-a-2-supremo-derruba-prorrogacao-da-cpmi-do-inss\/"},"modified":"2026-03-26T20:26:56","modified_gmt":"2026-03-26T23:26:56","slug":"por-8-votos-a-2-supremo-derruba-prorrogacao-da-cpmi-do-inss","status":"publish","type":"post","link":"https:\/\/jeffersonisac.adv.br\/index.php\/2026\/03\/26\/por-8-votos-a-2-supremo-derruba-prorrogacao-da-cpmi-do-inss\/","title":{"rendered":"Por 8 votos a 2, Supremo derruba prorroga\u00e7\u00e3o da CPMI do INSS"},"content":{"rendered":"<div class=\"image-container\">\n<div class=\"midia-creditos\"><em>Depositphotos<\/em><\/div>\n<div class=\"media-wrapper\"><\/div>\n<div class=\"midia-legenda\">STF decidiu sobre o assunto nesta quinta-feira<\/div>\n<\/div>\n<p>O Supremo Tribunal Federal (STF) decidiu nesta quinta-feira (26), por 8 votos a 2, derrubar a decis\u00e3o do ministro Andr\u00e9 Mendon\u00e7a que determinava a prorroga\u00e7\u00e3o da Comiss\u00e3o Parlamentar Mista de Inqu\u00e9rito (<span class=\"termoGlossario\">CPMI<\/span>) do INSS. Com a decis\u00e3o, os trabalhos da comiss\u00e3o dever\u00e3o ser encerrados at\u00e9 s\u00e1bado (28).<\/p>\n<p>O presidente da CPMI, senador Carlos Viana (Podemos-MG), disse esperar que o relat\u00f3rio final da comiss\u00e3o seja lido e votado nesta sexta-feira (27).<\/p>\n<p>A CPMI iniciou os trabalhos em agosto de 2025 para investigar descontos indevidos nos benef\u00edcios de aposentados e pensionistas do INSS.<\/p>","protected":false},"excerpt":{"rendered":"<p>Depositphotos STF decidiu sobre o assunto nesta quinta-feira O Supremo Tribunal Federal (STF) decidiu nesta quinta-feira (26), por 8 votos a 2, derrubar a decis\u00e3o do ministro Andr\u00e9 Mendon\u00e7a que determinava a prorroga\u00e7\u00e3o da Comiss\u00e3o Parlamentar Mista de Inqu\u00e9rito (CPMI) do INSS. Com a decis\u00e3o, os trabalhos da comiss\u00e3o dever\u00e3o ser encerrados at\u00e9 s\u00e1bado (28). [&hellip;]<\/p>\n","protected":false},"author":0,"featured_media":0,"comment_status":"open","ping_status":"open","sticky":false,"template":"","format":"standard","meta":{"footnotes":""},"categories":[1],"tags":[],"_links":{"self":[{"href":"https:\/\/jeffersonisac.adv.br\/index.php\/wp-json\/wp\/v2\/posts\/15897"}],"collection":[{"href":"https:\/\/jeffersonisac.adv.br\/index.php\/wp-json\/wp\/v2\/posts"}],"about":[{"href":"https:\/\/jeffersonisac.adv.br\/index.php\/wp-json\/wp\/v2\/types\/post"}],"replies":[{"embeddable":true,"href":"https:\/\/jeffersonisac.adv.br\/index.php\/wp-json\/wp\/v2\/comments?post=15897"}],"version-history":[{"count":0,"href":"https:\/\/jeffersonisac.adv.br\/index.php\/wp-json\/wp\/v2\/posts\/15897\/revisions"}],"wp:attachment":[{"href":"https:\/\/jeffersonisac.adv.br\/index.php\/wp-json\/wp\/v2\/media?parent=15897"}],"wp:term":[{"taxonomy":"category","embeddable":true,"href":"https:\/\/jeffersonisac.adv.br\/index.php\/wp-json\/wp\/v2\/categories?post=15897"},{"taxonomy":"post_tag","embeddable":true,"href":"https:\/\/jeffersonisac.adv.br\/index.php\/wp-json\/wp\/v2\/tags?post=15897"}],"curies":[{"name":"wp","href":"https:\/\/api.w.org\/{rel}","templated":true}]}}