{"id":15900,"date":"2026-03-27T08:24:27","date_gmt":"2026-03-27T11:24:27","guid":{"rendered":"https:\/\/jeffersonisac.adv.br\/index.php\/2026\/03\/27\/relatorio-da-cpmi-do-inss-sera-lido-e-pode-ser-votado-nesta-sexta\/"},"modified":"2026-03-27T08:24:27","modified_gmt":"2026-03-27T11:24:27","slug":"relatorio-da-cpmi-do-inss-sera-lido-e-pode-ser-votado-nesta-sexta","status":"publish","type":"post","link":"https:\/\/jeffersonisac.adv.br\/index.php\/2026\/03\/27\/relatorio-da-cpmi-do-inss-sera-lido-e-pode-ser-votado-nesta-sexta\/","title":{"rendered":"Relat\u00f3rio da CPMI do INSS ser\u00e1 lido e pode ser votado nesta sexta"},"content":{"rendered":"<div class=\"image-container\">\n<div class=\"midia-creditos\"><em>Vinicius Loures \/ C\u00e2mara dos Deputados<\/em><\/div>\n<div class=\"media-wrapper\"><\/div>\n<div class=\"midia-legenda\">CPMI do INSS durante reuni\u00e3o<\/div>\n<\/div>\n<p>A Comiss\u00e3o Parlamentar Mista de Inqu\u00e9rito (CPMI) que investiga fraudes no INSS re\u00fane-se nesta sexta-feira (27), a partir das 9 horas, para a leitura e an\u00e1lise do relat\u00f3rio final do colegiado. Caso haja pedido de vista, ou seja, se for solicitado mais tempo para an\u00e1lise do relat\u00f3rio, a vota\u00e7\u00e3o ser\u00e1 realizada no s\u00e1bado (28), prazo para conclus\u00e3o dos trabalhos.<\/p>\n<p>A reuni\u00e3o ser\u00e1 no plen\u00e1rio 2 da Ala Nilo Coelho, no Senado.<\/p>\n<p><a href=\"https:\/\/legis.senado.leg.br\/atividade\/comissoes\/comissao\/2794\/reuniao\/14556\">Veja a pauta\u00a0<\/a><\/p>\n<p>O presidente da CPMI, senador Carlos Viana (Podemos-MG), espera que a vota\u00e7\u00e3o seja realizada ainda hoje.<\/p>\n<p>De acordo com o relator da comiss\u00e3o, o deputado Alfredo Gaspar (Uni\u00e3o-AL), o relat\u00f3rio possui cerca de 5 mil p\u00e1ginas e recomenda o indiciamento de 228 pessoas.<\/p>\n<p>O deputado Paulo Pimenta (PT-RS), da base governista, informou que deve apresentar um relat\u00f3rio alternativo.<\/p>\n<p>A CPMI retomou os trabalhos ap\u00f3s o Supremo Tribunal Federal (STF) rejeitar a prorroga\u00e7\u00e3o da CPMI do INSS.<\/p>\n<p><strong>Prorroga\u00e7\u00e3o<\/strong><br \/>\nO Plen\u00e1rio do Supremo Tribunal Federal derrubou na quinta (26), por 8 votos a 2, a decis\u00e3o do ministro do STF Andr\u00e9 Mendon\u00e7a que determinava a prorroga\u00e7\u00e3o dos trabalhos da CPMI do INSS.<\/p>\n<p>A decis\u00e3o individual de Andr\u00e9 Mendon\u00e7a havia sido tomada na \u00faltima ter\u00e7a (23), quando ele deu prazo para que o Congresso Nacional viabilizasse a prorroga\u00e7\u00e3o.<\/p>\n<p>O senador Eduardo Gir\u00e3o (Novo-CE) lamentou a decis\u00e3o da Corte. &#8220;O que eu vi ali [no STF] foi um show de horrores e contradi\u00e7\u00f5es. H\u00e1 precedentes aos montes quando \u00e9 de interesse do STF'&#8221;, afirmou.<\/p>\n<p>O deputado Paulo Pimenta, por sua vez, afirmou que os ministros do Supremo confirmaram o que prev\u00ea a Constitui\u00e7\u00e3o. &#8220;Quando esta CPMI tenta fugir do foco, sair da investiga\u00e7\u00e3o, criar factoides, ela exp\u00f5e este Parlamento e leva a situa\u00e7\u00f5es como a de hoje. A Constitui\u00e7\u00e3o foi respeitada, a democracia foi respeitada&#8221;, declarou.<\/p>\n<p><strong>A\u00e7\u00e3o<\/strong><br \/>\nA a\u00e7\u00e3o que originou a liminar de Andr\u00e9 Mendon\u00e7a, agora derrubada pelo Plen\u00e1rio do STF, havia sido apresentada por Carlos Viana, Alfredo Gaspar e pelo deputado Marcel Van Hattem (Novo-RS).<\/p>\n<p>Eles alegavam omiss\u00e3o da Mesa Diretora do Congresso Nacional por n\u00e3o ter processado o requerimento de prorroga\u00e7\u00e3o dos trabalhos.<\/p>\n<p>Com base na liminar de Mendon\u00e7a, o pr\u00f3prio Carlos Viana, presidente da CPMI, chegou a declarar a prorroga\u00e7\u00e3o dos trabalhos.<\/p>","protected":false},"excerpt":{"rendered":"<p>Vinicius Loures \/ C\u00e2mara dos Deputados CPMI do INSS durante reuni\u00e3o A Comiss\u00e3o Parlamentar Mista de Inqu\u00e9rito (CPMI) que investiga fraudes no INSS re\u00fane-se nesta sexta-feira (27), a partir das 9 horas, para a leitura e an\u00e1lise do relat\u00f3rio final do colegiado. Caso haja pedido de vista, ou seja, se for solicitado mais tempo para [&hellip;]<\/p>\n","protected":false},"author":0,"featured_media":0,"comment_status":"open","ping_status":"open","sticky":false,"template":"","format":"standard","meta":{"footnotes":""},"categories":[1],"tags":[],"_links":{"self":[{"href":"https:\/\/jeffersonisac.adv.br\/index.php\/wp-json\/wp\/v2\/posts\/15900"}],"collection":[{"href":"https:\/\/jeffersonisac.adv.br\/index.php\/wp-json\/wp\/v2\/posts"}],"about":[{"href":"https:\/\/jeffersonisac.adv.br\/index.php\/wp-json\/wp\/v2\/types\/post"}],"replies":[{"embeddable":true,"href":"https:\/\/jeffersonisac.adv.br\/index.php\/wp-json\/wp\/v2\/comments?post=15900"}],"version-history":[{"count":0,"href":"https:\/\/jeffersonisac.adv.br\/index.php\/wp-json\/wp\/v2\/posts\/15900\/revisions"}],"wp:attachment":[{"href":"https:\/\/jeffersonisac.adv.br\/index.php\/wp-json\/wp\/v2\/media?parent=15900"}],"wp:term":[{"taxonomy":"category","embeddable":true,"href":"https:\/\/jeffersonisac.adv.br\/index.php\/wp-json\/wp\/v2\/categories?post=15900"},{"taxonomy":"post_tag","embeddable":true,"href":"https:\/\/jeffersonisac.adv.br\/index.php\/wp-json\/wp\/v2\/tags?post=15900"}],"curies":[{"name":"wp","href":"https:\/\/api.w.org\/{rel}","templated":true}]}}