{"id":15901,"date":"2026-03-27T08:24:27","date_gmt":"2026-03-27T11:24:27","guid":{"rendered":"https:\/\/jeffersonisac.adv.br\/index.php\/2026\/03\/27\/nova-lei-estabelece-condicoes-minimas-de-infraestrutura-para-escolas-publicas\/"},"modified":"2026-03-27T08:24:27","modified_gmt":"2026-03-27T11:24:27","slug":"nova-lei-estabelece-condicoes-minimas-de-infraestrutura-para-escolas-publicas","status":"publish","type":"post","link":"https:\/\/jeffersonisac.adv.br\/index.php\/2026\/03\/27\/nova-lei-estabelece-condicoes-minimas-de-infraestrutura-para-escolas-publicas\/","title":{"rendered":"Nova lei estabelece condi\u00e7\u00f5es m\u00ednimas de infraestrutura para escolas p\u00fablicas"},"content":{"rendered":"<div class=\"image-container\">\n<div class=\"midia-creditos\"><em>Tony Oliveira\/Ag\u00eancia Bras\u00edlia.<\/em><\/div>\n<div class=\"media-wrapper\"><\/div>\n<div class=\"midia-legenda\">Biblioteca em escola p\u00fablica em Bras\u00edlia (DF)<\/div>\n<\/div>\n<p>O poder p\u00fablico deve assegurar condi\u00e7\u00f5es adequadas para o funcionamento das escolas p\u00fablicas de educa\u00e7\u00e3o b\u00e1sica. \u00c9 o que prev\u00ea a <a class=\"linkLegislacao\" href=\"https:\/\/www2.camara.gov.br\/legin\/fed\/lei\/2026\/lei-15360-25-marco-2026-798852-norma-pl.html\">Lei 15.360\/26<\/a>, sancionada pelo presidente Luiz In\u00e1cio Lula da Silva e publicada no Di\u00e1rio Oficial da Uni\u00e3o (DOU) desta quinta-feira (26).<\/p>\n<p>A norma altera a <a href=\"https:\/\/www2.camara.leg.br\/legin\/fed\/lei\/1996\/lei-9394-20-dezembro-1996-362578-norma-pl.html\">Lei de Diretrizes e Bases da Educa\u00e7\u00e3o<\/a>. De acordo com a nova lei, as escolas p\u00fablicas devem contar com:<\/p>\n<p>n\u00famero adequado de estudantes por turma;<br \/>\nbiblioteca;<br \/>\nlaborat\u00f3rios de ci\u00eancias e de inform\u00e1tica;<br \/>\nacesso \u00e0 internet;<br \/>\nquadra poliesportiva coberta;<br \/>\ncozinha;<br \/>\nrefeit\u00f3rio;<br \/>\nbanheiros;<br \/>\ninstala\u00e7\u00f5es com acessibilidade;<br \/>\nacesso \u00e0 energia el\u00e9trica;<br \/>\nabastecimento de \u00e1gua tratada;<br \/>\nesgotamento sanit\u00e1rio; e<br \/>\nmanejo de res\u00edduos s\u00f3lidos.<\/p>\n<p>A legisla\u00e7\u00e3o teve origem no <a class=\"linkProposicao\" href=\"https:\/\/www.camara.leg.br\/noticias\/1093486-proposta-preve-padroes-minimos-de-qualidade-para-escolas-publicas\">PL 5288\/19<\/a>, de autoria do senador Fl\u00e1vio Arns (PSB-PR). A relatora da proposta na Comiss\u00e3o de Educa\u00e7\u00e3o da C\u00e2mara dos Deputados, deputada Socorro Neri (PP-AC), considerou oportuna a fixa\u00e7\u00e3o da obrigatoriedade em lei, em raz\u00e3o de as condi\u00e7\u00f5es m\u00ednimas de infraestrutura nas escolas p\u00fablicas ainda n\u00e3o estarem universalizadas.<\/p>\n<p>A mat\u00e9ria foi aprovada na C\u00e2mara em dezembro do ano passado.<\/p>","protected":false},"excerpt":{"rendered":"<p>Tony Oliveira\/Ag\u00eancia Bras\u00edlia. Biblioteca em escola p\u00fablica em Bras\u00edlia (DF) O poder p\u00fablico deve assegurar condi\u00e7\u00f5es adequadas para o funcionamento das escolas p\u00fablicas de educa\u00e7\u00e3o b\u00e1sica. \u00c9 o que prev\u00ea a Lei 15.360\/26, sancionada pelo presidente Luiz In\u00e1cio Lula da Silva e publicada no Di\u00e1rio Oficial da Uni\u00e3o (DOU) desta quinta-feira (26). A norma altera [&hellip;]<\/p>\n","protected":false},"author":0,"featured_media":0,"comment_status":"open","ping_status":"open","sticky":false,"template":"","format":"standard","meta":{"footnotes":""},"categories":[1],"tags":[],"_links":{"self":[{"href":"https:\/\/jeffersonisac.adv.br\/index.php\/wp-json\/wp\/v2\/posts\/15901"}],"collection":[{"href":"https:\/\/jeffersonisac.adv.br\/index.php\/wp-json\/wp\/v2\/posts"}],"about":[{"href":"https:\/\/jeffersonisac.adv.br\/index.php\/wp-json\/wp\/v2\/types\/post"}],"replies":[{"embeddable":true,"href":"https:\/\/jeffersonisac.adv.br\/index.php\/wp-json\/wp\/v2\/comments?post=15901"}],"version-history":[{"count":0,"href":"https:\/\/jeffersonisac.adv.br\/index.php\/wp-json\/wp\/v2\/posts\/15901\/revisions"}],"wp:attachment":[{"href":"https:\/\/jeffersonisac.adv.br\/index.php\/wp-json\/wp\/v2\/media?parent=15901"}],"wp:term":[{"taxonomy":"category","embeddable":true,"href":"https:\/\/jeffersonisac.adv.br\/index.php\/wp-json\/wp\/v2\/categories?post=15901"},{"taxonomy":"post_tag","embeddable":true,"href":"https:\/\/jeffersonisac.adv.br\/index.php\/wp-json\/wp\/v2\/tags?post=15901"}],"curies":[{"name":"wp","href":"https:\/\/api.w.org\/{rel}","templated":true}]}}