{"id":15902,"date":"2026-03-27T09:24:36","date_gmt":"2026-03-27T12:24:36","guid":{"rendered":"https:\/\/jeffersonisac.adv.br\/index.php\/2026\/03\/27\/deputado-diz-que-programa-camara-pelo-brasil-aproxima-populacao-de-proposta-de-ampliacao-da-codevasf-assista\/"},"modified":"2026-03-27T09:24:36","modified_gmt":"2026-03-27T12:24:36","slug":"deputado-diz-que-programa-camara-pelo-brasil-aproxima-populacao-de-proposta-de-ampliacao-da-codevasf-assista","status":"publish","type":"post","link":"https:\/\/jeffersonisac.adv.br\/index.php\/2026\/03\/27\/deputado-diz-que-programa-camara-pelo-brasil-aproxima-populacao-de-proposta-de-ampliacao-da-codevasf-assista\/","title":{"rendered":"Deputado diz que programa C\u00e2mara pelo Brasil aproxima popula\u00e7\u00e3o de proposta de amplia\u00e7\u00e3o da Codevasf; assista"},"content":{"rendered":"<div class=\"video-container youtube youtube-100\">\n<div class=\"midia-creditos\"><em>YouTube<\/em><\/div>\n\n<div class=\"midia-legenda\"><\/div>\n<\/div>\n<p>\u00a0<\/p>\n<p>O programa <a href=\"https:\/\/www.camara.leg.br\/noticias\/1181328-hugo-motta-cria-programa-camara-pelo-brasil-para-ampliar-o-dialogo-com-a-sociedade\/\">C\u00e2mara Pelo Brasil<\/a> chegou \u00e0 capital do Esp\u00edrito Santo, Vit\u00f3ria, nesta quinta-feira (26), para debater com a popula\u00e7\u00e3o a amplia\u00e7\u00e3o da atua\u00e7\u00e3o da Companhia de Desenvolvimento dos Vales do S\u00e3o Francisco e do Parna\u00edba (Codevasf) para os munic\u00edpios capixabas.<\/p>\n<p>A iniciativa foi lan\u00e7ada pelo presidente da C\u00e2mara dos Deputados, Hugo Motta (Republicanos-PB), no ano passado, para aproximar a popula\u00e7\u00e3o dos temas em discuss\u00e3o no Parlamento.<\/p>\n<p>Na C\u00e2mara, mais de uma dezena de propostas expande a \u00e1rea de atua\u00e7\u00e3o da Codevasf (PL 1121\/19 e <span class=\"termoGlossario\">apensados<\/span>).<\/p>\n<p>Em entrevista \u00e0 <em>R\u00e1dio C\u00e2mara, <\/em>o coordenador do C\u00e2mara pelo Brasil, deputado Da Vitoria (PP-ES), defendeu que todas as cidades capixabas sejam atendidas por recursos da Codevasf.<\/p>\n<p>\u201c[A Codevasf] j\u00e1 est\u00e1 aprovada no Nordeste. Ela se estendeu para estados do Norte, para outros estados do pa\u00eds. E eu penso que \u00e9 fazer justi\u00e7a ela estar tamb\u00e9m no Esp\u00edrito Santo&#8221;, disse o parlamentar.<\/p>\n<p><a href=\"https:\/\/www.camara.leg.br\/midias-fs\/audio\/2026\/03\/20260326-painel-eletronico-dep-da-vitoria.mp3\">Ou\u00e7a a entrevista de Da Vit\u00f3ria \u00e0 <em>R\u00e1dio C\u00e2mara<\/em><\/a><\/p>\n<p>A Codevasf atua em 15 estados e no Distrito Federal, abrangendo 37% do territ\u00f3rio nacional. Suas a\u00e7\u00f5es incluem desde a implanta\u00e7\u00e3o de projetos de irriga\u00e7\u00e3o at\u00e9 obras estruturantes como canais, adutoras e sistemas de saneamento b\u00e1sico.<\/p>\n<p>O debate no Esp\u00edrito Santo foi o segundo do programa C\u00e2mara pelo Brasil. O primeiro ocorreu em Salvador, na Bahia, sobre a regulamenta\u00e7\u00e3o do trabalho por aplicativo.<\/p>","protected":false},"excerpt":{"rendered":"<p>YouTube \u00a0 O programa C\u00e2mara Pelo Brasil chegou \u00e0 capital do Esp\u00edrito Santo, Vit\u00f3ria, nesta quinta-feira (26), para debater com a popula\u00e7\u00e3o a amplia\u00e7\u00e3o da atua\u00e7\u00e3o da Companhia de Desenvolvimento dos Vales do S\u00e3o Francisco e do Parna\u00edba (Codevasf) para os munic\u00edpios capixabas. A iniciativa foi lan\u00e7ada pelo presidente da C\u00e2mara dos Deputados, Hugo Motta [&hellip;]<\/p>\n","protected":false},"author":0,"featured_media":0,"comment_status":"open","ping_status":"open","sticky":false,"template":"","format":"standard","meta":{"footnotes":""},"categories":[1],"tags":[],"_links":{"self":[{"href":"https:\/\/jeffersonisac.adv.br\/index.php\/wp-json\/wp\/v2\/posts\/15902"}],"collection":[{"href":"https:\/\/jeffersonisac.adv.br\/index.php\/wp-json\/wp\/v2\/posts"}],"about":[{"href":"https:\/\/jeffersonisac.adv.br\/index.php\/wp-json\/wp\/v2\/types\/post"}],"replies":[{"embeddable":true,"href":"https:\/\/jeffersonisac.adv.br\/index.php\/wp-json\/wp\/v2\/comments?post=15902"}],"version-history":[{"count":0,"href":"https:\/\/jeffersonisac.adv.br\/index.php\/wp-json\/wp\/v2\/posts\/15902\/revisions"}],"wp:attachment":[{"href":"https:\/\/jeffersonisac.adv.br\/index.php\/wp-json\/wp\/v2\/media?parent=15902"}],"wp:term":[{"taxonomy":"category","embeddable":true,"href":"https:\/\/jeffersonisac.adv.br\/index.php\/wp-json\/wp\/v2\/categories?post=15902"},{"taxonomy":"post_tag","embeddable":true,"href":"https:\/\/jeffersonisac.adv.br\/index.php\/wp-json\/wp\/v2\/tags?post=15902"}],"curies":[{"name":"wp","href":"https:\/\/api.w.org\/{rel}","templated":true}]}}