{"id":15903,"date":"2026-03-27T09:24:36","date_gmt":"2026-03-27T12:24:36","guid":{"rendered":"https:\/\/jeffersonisac.adv.br\/index.php\/2026\/03\/27\/comissao-aprova-projeto-que-inclui-maus-tratos-entre-formas-de-violencia-contra-criancas-e-adolescentes\/"},"modified":"2026-03-27T09:24:36","modified_gmt":"2026-03-27T12:24:36","slug":"comissao-aprova-projeto-que-inclui-maus-tratos-entre-formas-de-violencia-contra-criancas-e-adolescentes","status":"publish","type":"post","link":"https:\/\/jeffersonisac.adv.br\/index.php\/2026\/03\/27\/comissao-aprova-projeto-que-inclui-maus-tratos-entre-formas-de-violencia-contra-criancas-e-adolescentes\/","title":{"rendered":"Comiss\u00e3o aprova projeto que inclui maus-tratos entre formas de viol\u00eancia contra crian\u00e7as e adolescentes"},"content":{"rendered":"<div class=\"image-container\">\n<div class=\"midia-creditos\"><em>Bruno Spada\/C\u00e2mara dos Deputados<\/em><\/div>\n<div class=\"media-wrapper\"><\/div>\n<div class=\"midia-legenda\">Meire Serafim \u00e9 a relatora da proposta<\/div>\n<\/div>\n<p>A Comiss\u00e3o de Previd\u00eancia, Assist\u00eancia Social, Inf\u00e2ncia, Adolesc\u00eancia e Fam\u00edlia aprovou o <a class=\"linkProposicao\" href=\"https:\/\/www.camara.leg.br\/noticias\/1243211-projeto-inclui-expressamente-maus-tratos-em-leis-de-defesa-da-crianca-e-do-adolescente\">Projeto de Lei 651\/25<\/a>, do deputado Eduardo Velloso (Uni\u00e3o-AC), que altera leis de defesa da crian\u00e7a e do adolescente para incluir expressamente os maus-tratos entre as formas de viol\u00eancia a serem consideradas nas medidas de assist\u00eancia e prote\u00e7\u00e3o.<\/p>\n<p>O texto aprovado define maus-tratos como \u201cquaisquer formas de a\u00e7\u00e3o, omiss\u00e3o volunt\u00e1ria ou neglig\u00eancia que causem sofrimento f\u00edsico, psicol\u00f3gico, sexual, institucional ou patrimonial \u00e0 crian\u00e7a ou ao adolescente, privando-o de condi\u00e7\u00f5es adequadas para o seu desenvolvimento, seguran\u00e7a, sa\u00fade, dignidade e bem-estar\u201d.<\/p>\n<p>A relatora, deputada Meire Serafim (Uni\u00e3o-AC), recomendou a aprova\u00e7\u00e3o do projeto original, de autoria do deputado Eduardo Velloso. Segundo ela, o conceito de viol\u00eancia envolve diversas formas de agress\u00e3o e abuso que causam danos f\u00edsicos, emocionais e psicol\u00f3gicos \u00e0s pessoas, incluindo maus-tratos.<\/p>\n<p>\u201cEm muitos casos, situa\u00e7\u00f5es de neglig\u00eancia, abuso emocional ou psicol\u00f3gico, a defini\u00e7\u00e3o do que configura maus-tratos n\u00e3o est\u00e1 devidamente definida em lei, o que pode dificultar a ado\u00e7\u00e3o eficaz das medidas protetivas\u201d, disse a relatora.<\/p>\n<p>Al\u00e9m do <a href=\"https:\/\/www2.camara.leg.br\/legin\/fed\/lei\/1990\/lei-8069-13-julho-1990-372211-norma-pl.html\">Estatuto da Crian\u00e7a e do Adolescente<\/a>, a proposta altera a <a href=\"https:\/\/www2.camara.leg.br\/legin\/fed\/lei\/2022\/lei-14344-24-maio-2022-792692-norma-pl.html\">Lei Henry Bore<\/a>l e a <a href=\"https:\/\/www2.camara.gov.br\/legin\/fed\/lei\/2017\/lei-13431-4-abril-2017-784569-norma-pl.html\">Lei 13.431\/17<\/a>, conhecida como Lei da Escuta Protegida.<\/p>\n<p><strong>Pr\u00f3ximos passos<\/strong><br \/>\nO projeto ser\u00e1 ainda analisado, em <span class=\"termoGlossario\">car\u00e1ter conclusivo<\/span>, pela Comiss\u00e3o de Constitui\u00e7\u00e3o e Justi\u00e7a e de Cidadania (CCJ).<\/p>\n<p>Para virar lei, o texto deve ser aprovado pela C\u00e2mara e pelo Senado.<\/p>\n<p><a href=\"https:\/\/www.camara.leg.br\/noticias\/573454-SAIBA-MAIS-SOBRE-A-TRAMITACAO-DE-PROJETOS-DE-LEI\">Saiba mais sobre a tramita\u00e7\u00e3o de projetos de lei<\/a><\/p>","protected":false},"excerpt":{"rendered":"<p>Bruno Spada\/C\u00e2mara dos Deputados Meire Serafim \u00e9 a relatora da proposta A Comiss\u00e3o de Previd\u00eancia, Assist\u00eancia Social, Inf\u00e2ncia, Adolesc\u00eancia e Fam\u00edlia aprovou o Projeto de Lei 651\/25, do deputado Eduardo Velloso (Uni\u00e3o-AC), que altera leis de defesa da crian\u00e7a e do adolescente para incluir expressamente os maus-tratos entre as formas de viol\u00eancia a serem consideradas [&hellip;]<\/p>\n","protected":false},"author":0,"featured_media":0,"comment_status":"open","ping_status":"open","sticky":false,"template":"","format":"standard","meta":{"footnotes":""},"categories":[1],"tags":[],"_links":{"self":[{"href":"https:\/\/jeffersonisac.adv.br\/index.php\/wp-json\/wp\/v2\/posts\/15903"}],"collection":[{"href":"https:\/\/jeffersonisac.adv.br\/index.php\/wp-json\/wp\/v2\/posts"}],"about":[{"href":"https:\/\/jeffersonisac.adv.br\/index.php\/wp-json\/wp\/v2\/types\/post"}],"replies":[{"embeddable":true,"href":"https:\/\/jeffersonisac.adv.br\/index.php\/wp-json\/wp\/v2\/comments?post=15903"}],"version-history":[{"count":0,"href":"https:\/\/jeffersonisac.adv.br\/index.php\/wp-json\/wp\/v2\/posts\/15903\/revisions"}],"wp:attachment":[{"href":"https:\/\/jeffersonisac.adv.br\/index.php\/wp-json\/wp\/v2\/media?parent=15903"}],"wp:term":[{"taxonomy":"category","embeddable":true,"href":"https:\/\/jeffersonisac.adv.br\/index.php\/wp-json\/wp\/v2\/categories?post=15903"},{"taxonomy":"post_tag","embeddable":true,"href":"https:\/\/jeffersonisac.adv.br\/index.php\/wp-json\/wp\/v2\/tags?post=15903"}],"curies":[{"name":"wp","href":"https:\/\/api.w.org\/{rel}","templated":true}]}}