{"id":15906,"date":"2026-03-27T11:28:40","date_gmt":"2026-03-27T14:28:40","guid":{"rendered":"https:\/\/jeffersonisac.adv.br\/index.php\/2026\/03\/27\/comissao-aprova-uso-de-recursos-do-fundo-nacional-de-seguranca-para-saude-mental-de-policiais\/"},"modified":"2026-03-27T11:28:40","modified_gmt":"2026-03-27T14:28:40","slug":"comissao-aprova-uso-de-recursos-do-fundo-nacional-de-seguranca-para-saude-mental-de-policiais","status":"publish","type":"post","link":"https:\/\/jeffersonisac.adv.br\/index.php\/2026\/03\/27\/comissao-aprova-uso-de-recursos-do-fundo-nacional-de-seguranca-para-saude-mental-de-policiais\/","title":{"rendered":"Comiss\u00e3o aprova uso de recursos do Fundo Nacional de Seguran\u00e7a para sa\u00fade mental de policiais"},"content":{"rendered":"<div class=\"image-container\">\n<div class=\"midia-creditos\"><em>Vinicius Loures\/C\u00e2mara dos Deputados<\/em><\/div>\n<div class=\"media-wrapper\"><\/div>\n<div class=\"midia-legenda\">Alberto Fraga: atividade policial envolve altos n\u00edveis de press\u00e3o e risco<\/div>\n<\/div>\n<p>A Comiss\u00e3o de Seguran\u00e7a P\u00fablica da C\u00e2mara dos Deputados aprovou projeto que autoriza o uso de verbas do Fundo Nacional de Seguran\u00e7a P\u00fablica (FNSP) para financiar programas de assist\u00eancia psicossocial destinados a profissionais de seguran\u00e7a, seus dependentes e c\u00f4njuges.<\/p>\n<p>Os parlamentares acolheram o <a href=\"https:\/\/www.camara.leg.br\/proposicoesWeb\/prop_mostrarintegra?codteor=3100057&amp;filename=Parecer-CSPCCO-2026-03-18\">parecer do relator<\/a>, deputado Alberto Fraga (PL-DF), pela aprova\u00e7\u00e3o do Projeto de Lei 6450\/25, da deputada Laura Carneiro (PSD-RJ).<\/p>\n<p>O texto altera a <a href=\"https:\/\/www2.camara.leg.br\/legin\/fed\/lei\/2018\/lei-13756-12-dezembro-2018-787435-norma-pl.html\">legisla\u00e7\u00e3o em vigor<\/a> para incluir, especificamente, o apoio emocional, a preven\u00e7\u00e3o de crises e a prote\u00e7\u00e3o da sa\u00fade mental como destinos dos recursos do fundo.<\/p>\n<p>A proposta abrange policiais civis e militares, bombeiros e guardas municipais, entre outros profissionais de seguran\u00e7a.<\/p>\n<p><strong>Atividade de risco<\/strong><br \/>\nAlberto Fraga ressaltou que o exerc\u00edcio da fun\u00e7\u00e3o policial envolve altos n\u00edveis de press\u00e3o e risco, o que frequentemente causa sequelas psicol\u00f3gicas.<\/p>\n<p>Na avalia\u00e7\u00e3o do parlamentar, o financiamento \u00e9 essencial para enfrentar \u00edndices alarmantes de suic\u00eddio e viol\u00eancia na categoria.<\/p>\n<p>\u201cO projeto amplia as possibilidades de preven\u00e7\u00e3o de males de origem psicossocial causados pelo exerc\u00edcio de atividades de seguran\u00e7a p\u00fablica, o que afeta muitos profissionais e, por vezes, aqueles que est\u00e3o ao seu lado\u201d, afirmou Fraga.<\/p>\n<p>Ele destacou ainda a gravidade dos dados de sa\u00fade mental no setor, citando estudos que apontam centenas de casos de suic\u00eddio entre policiais nos \u00faltimos anos. \u201c\u00c9 uma grav\u00edssima situa\u00e7\u00e3o a ser enfrentada pelo poder p\u00fablico.\u201d<\/p>\n<p><strong>Pr\u00f3ximos passos<br \/>\n<\/strong>A proposta tramita em <span class=\"termoGlossario\">car\u00e1ter conclusivo<\/span> e ainda ser\u00e1 analisada pelas comiss\u00f5es de Finan\u00e7as e Tributa\u00e7\u00e3o; e de Constitui\u00e7\u00e3o e Justi\u00e7a e de Cidadania.<\/p>\n<p>Para virar lei, precisa ser aprovada pela C\u00e2mara dos Deputados e pelo Senado Federal e ser sancionada pelo presidente da Rep\u00fablica.<\/p>\n<p><a href=\"https:\/\/www.camara.leg.br\/noticias\/573454-SAIBA-MAIS-SOBRE-A-TRAMITACAO-DE-PROJETOS-DE-LEI\">Saiba mais sobre a tramita\u00e7\u00e3o de projetos de lei<\/a><\/p>\n<p>\u00a0<\/p>\n<div><\/div>\n<p>\u00a0<\/p>\n<p>\u00a0<\/p>","protected":false},"excerpt":{"rendered":"<p>Vinicius Loures\/C\u00e2mara dos Deputados Alberto Fraga: atividade policial envolve altos n\u00edveis de press\u00e3o e risco A Comiss\u00e3o de Seguran\u00e7a P\u00fablica da C\u00e2mara dos Deputados aprovou projeto que autoriza o uso de verbas do Fundo Nacional de Seguran\u00e7a P\u00fablica (FNSP) para financiar programas de assist\u00eancia psicossocial destinados a profissionais de seguran\u00e7a, seus dependentes e c\u00f4njuges. Os [&hellip;]<\/p>\n","protected":false},"author":0,"featured_media":0,"comment_status":"open","ping_status":"open","sticky":false,"template":"","format":"standard","meta":{"footnotes":""},"categories":[1],"tags":[],"_links":{"self":[{"href":"https:\/\/jeffersonisac.adv.br\/index.php\/wp-json\/wp\/v2\/posts\/15906"}],"collection":[{"href":"https:\/\/jeffersonisac.adv.br\/index.php\/wp-json\/wp\/v2\/posts"}],"about":[{"href":"https:\/\/jeffersonisac.adv.br\/index.php\/wp-json\/wp\/v2\/types\/post"}],"replies":[{"embeddable":true,"href":"https:\/\/jeffersonisac.adv.br\/index.php\/wp-json\/wp\/v2\/comments?post=15906"}],"version-history":[{"count":0,"href":"https:\/\/jeffersonisac.adv.br\/index.php\/wp-json\/wp\/v2\/posts\/15906\/revisions"}],"wp:attachment":[{"href":"https:\/\/jeffersonisac.adv.br\/index.php\/wp-json\/wp\/v2\/media?parent=15906"}],"wp:term":[{"taxonomy":"category","embeddable":true,"href":"https:\/\/jeffersonisac.adv.br\/index.php\/wp-json\/wp\/v2\/categories?post=15906"},{"taxonomy":"post_tag","embeddable":true,"href":"https:\/\/jeffersonisac.adv.br\/index.php\/wp-json\/wp\/v2\/tags?post=15906"}],"curies":[{"name":"wp","href":"https:\/\/api.w.org\/{rel}","templated":true}]}}