{"id":15907,"date":"2026-03-27T12:27:59","date_gmt":"2026-03-27T15:27:59","guid":{"rendered":"https:\/\/jeffersonisac.adv.br\/index.php\/2026\/03\/27\/comissao-aprova-programa-do-sus-para-atencao-integral-a-pessoas-com-epilepsia\/"},"modified":"2026-03-27T12:27:59","modified_gmt":"2026-03-27T15:27:59","slug":"comissao-aprova-programa-do-sus-para-atencao-integral-a-pessoas-com-epilepsia","status":"publish","type":"post","link":"https:\/\/jeffersonisac.adv.br\/index.php\/2026\/03\/27\/comissao-aprova-programa-do-sus-para-atencao-integral-a-pessoas-com-epilepsia\/","title":{"rendered":"Comiss\u00e3o aprova programa do SUS para aten\u00e7\u00e3o integral a pessoas com epilepsia"},"content":{"rendered":"<div class=\"image-container\">\n<div class=\"midia-creditos\"><em>Bruno Spada\/C\u00e2mara dos Deputados<\/em><\/div>\n<div class=\"media-wrapper\"><\/div>\n<div class=\"midia-legenda\">Laura Carneiro: pessoas com epilepsia devem ser tratadas com dignidade<\/div>\n<\/div>\n<p>A Comiss\u00e3o de Constitui\u00e7\u00e3o e Justi\u00e7a e de Cidadania (CCJ) da C\u00e2mara dos Deputados aprovou projeto que cria, no Sistema \u00danico de Sa\u00fade (SUS), um programa nacional de aten\u00e7\u00e3o integral \u00e0s pessoas com epilepsia.<\/p>\n<p>A iniciativa busca reduzir as manifesta\u00e7\u00f5es e sequelas da doen\u00e7a, al\u00e9m de combater a estigmatiza\u00e7\u00e3o social, a partir de campanhas educativas.<\/p>\n<p>A epilepsia \u00e9 uma condi\u00e7\u00e3o neurol\u00f3gica caracterizada pela ocorr\u00eancia de crises que podem ser acompanhadas de convuls\u00f5es, tremores ou perda de consci\u00eancia, entre outros sintomas. A doen\u00e7a pode afetar pessoas de todas as idades.<\/p>\n<p><strong>Texto aprovado<\/strong><br \/>\nOs parlamentares acolheram o <a href=\"https:\/\/www.camara.leg.br\/proposicoesWeb\/prop_mostrarintegra?codteor=3066676&amp;filename=PRL+1+CCJC+%3D%3E+PL+5538\/2019\">parecer da relatora<\/a>, deputada Laura Carneiro (PSD-RJ), pela aprova\u00e7\u00e3o do <a href=\"https:\/\/www.camara.leg.br\/noticias\/632049-projeto-cria-programa-voltado-para-pessoas-com-epilepsia\">Projeto de Lei 5538\/19<\/a>, do deputado Ruy Carneiro (Pode-PB), com as mudan\u00e7as feitas anteriormente pelas comiss\u00f5es de <a href=\"https:\/\/www.camara.leg.br\/noticias\/1061504-COMISSAO-APROVA-PROJETO-QUE-CRIA-PROGRAMA-VOLTADO-PARA-PESSOAS-COM-EPILEPSIA\">Sa\u00fade<\/a>; e de <a href=\"https:\/\/www.camara.leg.br\/noticias\/1070228-PROJETO-APROVADO-EM-COMISSAO-CRIA-PROGRAMA-DE-ATENCAO-INTEGRAL-A-PESSOAS-COM-EPILEPSIA\">Finan\u00e7as e Tributa\u00e7\u00e3o<\/a>.<\/p>\n<p>Esses colegiados retiraram alguns pontos do texto original, como o que proibia a demiss\u00e3o de funcion\u00e1rios em fun\u00e7\u00e3o de crises. Tamb\u00e9m adequaram o texto \u00e0s regras fiscais, a fim de evitar gastos extras para o SUS.<\/p>\n<p>\u201c\u00c9 preciso uma ampla campanha de educa\u00e7\u00e3o da popula\u00e7\u00e3o, a fim de fornecer informa\u00e7\u00f5es corretas, de modo que as pessoas com epilepsia sejam tratadas dignamente\u201d, afirmou Laura Carneiro.<\/p>\n<p><strong>Medidas<br \/>\n<\/strong>Pela proposta aprovada, o Minist\u00e9rio da Sa\u00fade dever\u00e1 coordenar o programa de aten\u00e7\u00e3o integral \u00e0s pessoas com epilepsia, desenvolver um sistema de informa\u00e7\u00e3o para acompanhar os pacientes e organizar um cadastro espec\u00edfico, garantindo o sigilo das informa\u00e7\u00f5es.<\/p>\n<p>A aten\u00e7\u00e3o integral aos pacientes compreender\u00e1, entre outros:<\/p>\n<p>atendimento especializado;<br \/>\nfornecimento de medica\u00e7\u00e3o;<br \/>\nrealiza\u00e7\u00e3o de procedimentos cir\u00fargicos;<br \/>\ndisponibiliza\u00e7\u00e3o de exames; e<br \/>\ngarantia de leitos para interna\u00e7\u00e3o e vagas para atendimento em ambulat\u00f3rio.<\/p>\n<p>Profissionais da educa\u00e7\u00e3o e trabalhadores do transporte p\u00fablico tamb\u00e9m ser\u00e3o treinados, conforme o programa, para reconhecer os sinais de crises epil\u00e9pticas e prestar atendimento.<\/p>\n<p>O texto garante ainda ao paciente hor\u00e1rio especial de trabalho para permitir o tratamento.<\/p>\n<p><strong>Pr\u00f3ximos passos<\/strong><br \/>\nO projeto ainda ser\u00e1 analisado pelo Plen\u00e1rio da C\u00e2mara dos Deputados. Para virar lei, precisa ser aprovado pela C\u00e2mara e pelo Senado e sancionado pelo presidente da Rp\u00fablica.<\/p>\n<p><a href=\"https:\/\/www.camara.leg.br\/noticias\/573454-SAIBA-MAIS-SOBRE-A-TRAMITACAO-DE-PROJETOS-DE-LEI\">Saiba mais sobre a tramita\u00e7\u00e3o de projetos de lei<\/a><\/p>","protected":false},"excerpt":{"rendered":"<p>Bruno Spada\/C\u00e2mara dos Deputados Laura Carneiro: pessoas com epilepsia devem ser tratadas com dignidade A Comiss\u00e3o de Constitui\u00e7\u00e3o e Justi\u00e7a e de Cidadania (CCJ) da C\u00e2mara dos Deputados aprovou projeto que cria, no Sistema \u00danico de Sa\u00fade (SUS), um programa nacional de aten\u00e7\u00e3o integral \u00e0s pessoas com epilepsia. A iniciativa busca reduzir as manifesta\u00e7\u00f5es e [&hellip;]<\/p>\n","protected":false},"author":0,"featured_media":0,"comment_status":"open","ping_status":"open","sticky":false,"template":"","format":"standard","meta":{"footnotes":""},"categories":[1],"tags":[],"_links":{"self":[{"href":"https:\/\/jeffersonisac.adv.br\/index.php\/wp-json\/wp\/v2\/posts\/15907"}],"collection":[{"href":"https:\/\/jeffersonisac.adv.br\/index.php\/wp-json\/wp\/v2\/posts"}],"about":[{"href":"https:\/\/jeffersonisac.adv.br\/index.php\/wp-json\/wp\/v2\/types\/post"}],"replies":[{"embeddable":true,"href":"https:\/\/jeffersonisac.adv.br\/index.php\/wp-json\/wp\/v2\/comments?post=15907"}],"version-history":[{"count":0,"href":"https:\/\/jeffersonisac.adv.br\/index.php\/wp-json\/wp\/v2\/posts\/15907\/revisions"}],"wp:attachment":[{"href":"https:\/\/jeffersonisac.adv.br\/index.php\/wp-json\/wp\/v2\/media?parent=15907"}],"wp:term":[{"taxonomy":"category","embeddable":true,"href":"https:\/\/jeffersonisac.adv.br\/index.php\/wp-json\/wp\/v2\/categories?post=15907"},{"taxonomy":"post_tag","embeddable":true,"href":"https:\/\/jeffersonisac.adv.br\/index.php\/wp-json\/wp\/v2\/tags?post=15907"}],"curies":[{"name":"wp","href":"https:\/\/api.w.org\/{rel}","templated":true}]}}