{"id":15908,"date":"2026-03-27T12:27:59","date_gmt":"2026-03-27T15:27:59","guid":{"rendered":"https:\/\/jeffersonisac.adv.br\/index.php\/2026\/03\/27\/comissao-aprova-criacao-de-lista-nacional-de-pessoas-e-organizacoes-terroristas\/"},"modified":"2026-03-27T12:27:59","modified_gmt":"2026-03-27T15:27:59","slug":"comissao-aprova-criacao-de-lista-nacional-de-pessoas-e-organizacoes-terroristas","status":"publish","type":"post","link":"https:\/\/jeffersonisac.adv.br\/index.php\/2026\/03\/27\/comissao-aprova-criacao-de-lista-nacional-de-pessoas-e-organizacoes-terroristas\/","title":{"rendered":"Comiss\u00e3o aprova cria\u00e7\u00e3o de lista nacional de pessoas e organiza\u00e7\u00f5es terroristas"},"content":{"rendered":"<div class=\"image-container\">\n<div class=\"midia-creditos\"><em>Bruno Spada\/C\u00e2mara dos Deputados<\/em><\/div>\n<div class=\"media-wrapper\"><\/div>\n<div class=\"midia-legenda\">Rodrigo Valadares: lista n\u00e3o poder\u00e1 ser usada para persegui\u00e7\u00e3o pol\u00edtica, religiosa ou ideol\u00f3gica<\/div>\n<\/div>\n<p>A Comiss\u00e3o de Rela\u00e7\u00f5es Exteriores e de Defesa Nacional da C\u00e2mara dos Deputados aprovou projeto que cria uma lista nacional de pessoas, organiza\u00e7\u00f5es e entidades terroristas.<\/p>\n<p>Pela proposta, a inclus\u00e3o ou exclus\u00e3o de nomes ser\u00e1 feita por ato conjunto dos minist\u00e9rios das Rela\u00e7\u00f5es Exteriores; da Justi\u00e7a e Seguran\u00e7a P\u00fablica; e da Defesa.<\/p>\n<p>A medida deve se basear em crit\u00e9rios t\u00e9cnicos, informa\u00e7\u00f5es de intelig\u00eancia e fundamentos da pol\u00edtica externa, garantindo efeitos imediatos, como a restri\u00e7\u00e3o de ingresso no pa\u00eds e a indisponibilidade de ativos financeiros.<\/p>\n<p>Foi aprovada a vers\u00e3o do relator (<span class=\"termoGlossario\">substitutivo<\/span>), deputado Rodrigo Valadares (Uni\u00e3o-SE), ao Projeto de Lei 1732\/25, do deputado Fernando M\u00e1ximo (Uni\u00e3o-RO).<\/p>\n<p><a href=\"https:\/\/www.camara.leg.br\/proposicoesWeb\/prop_mostrarintegra?codteor=3047876&amp;filename=SBT+1+CREDN+%3D%3E+PL+1732\/2025\">Confira a \u00edntegra do texto aprovado<\/a><\/p>\n<p>A proposta original visava classificar especificamente o movimento Houthis (Ansar Allah) como organiza\u00e7\u00e3o terrorista. O texto aprovado, no entanto, altera a <a href=\"https:\/\/www2.camara.leg.br\/legin\/fed\/lei\/2016\/lei-13260-16-marco-2016-782561-norma-pl.html\">Lei Antiterrorismo<\/a> para permitir que o governo brasileiro designe formalmente esses grupos por meio de decreto.<\/p>\n<p>Valadares argumentou que a designa\u00e7\u00e3o direta de um grupo espec\u00edfico por lei feriria os princ\u00edpios de abstra\u00e7\u00e3o e generalidade das normas.<\/p>\n<p>&#8220;O projeto aprovado estabelece diretrizes e princ\u00edpios para que o Poder Executivo, por meio de decreto, proceda \u00e0 listagem de pessoas e entidades terroristas&#8221;, explicou o relator.<\/p>\n<p>Ele ressaltou ainda que o Congresso Nacional manter\u00e1 a prerrogativa de suspender decretos que n\u00e3o observem os crit\u00e9rios legais.<\/p>\n<p>A proposta deixa claro que a lista n\u00e3o poder\u00e1 ser utilizada para persegui\u00e7\u00e3o pol\u00edtica, partid\u00e1ria, religiosa ou ideol\u00f3gica.<\/p>\n<p>Por fim, o projeto assegura que a presen\u00e7a de uma entidade na lista facilitar\u00e1 a coopera\u00e7\u00e3o internacional em mat\u00e9ria penal e de intelig\u00eancia, al\u00e9m de permitir a aplica\u00e7\u00e3o das penas previstas na lei sobre organiza\u00e7\u00f5es criminosas.<\/p>\n<p><strong>Pr\u00f3ximas etapas<br \/>\n<\/strong>O texto segue agora para an\u00e1lise, em <span class=\"termoGlossario\">car\u00e1ter conclusivo<\/span>, da Comiss\u00e3o de Constitui\u00e7\u00e3o e Justi\u00e7a e de Cidadania.<\/p>\n<p>Para virar lei, precisa ser aprovado pela C\u00e2mara e pelo Senado.<\/p>\n<p><a href=\"https:\/\/www.camara.leg.br\/noticias\/573454-SAIBA-MAIS-SOBRE-A-TRAMITACAO-DE-PROJETOS-DE-LEI\">Saiba mais sobre a tramita\u00e7\u00e3o de projetos de lei<\/a><\/p>","protected":false},"excerpt":{"rendered":"<p>Bruno Spada\/C\u00e2mara dos Deputados Rodrigo Valadares: lista n\u00e3o poder\u00e1 ser usada para persegui\u00e7\u00e3o pol\u00edtica, religiosa ou ideol\u00f3gica A Comiss\u00e3o de Rela\u00e7\u00f5es Exteriores e de Defesa Nacional da C\u00e2mara dos Deputados aprovou projeto que cria uma lista nacional de pessoas, organiza\u00e7\u00f5es e entidades terroristas. Pela proposta, a inclus\u00e3o ou exclus\u00e3o de nomes ser\u00e1 feita por ato [&hellip;]<\/p>\n","protected":false},"author":0,"featured_media":0,"comment_status":"open","ping_status":"open","sticky":false,"template":"","format":"standard","meta":{"footnotes":""},"categories":[1],"tags":[],"_links":{"self":[{"href":"https:\/\/jeffersonisac.adv.br\/index.php\/wp-json\/wp\/v2\/posts\/15908"}],"collection":[{"href":"https:\/\/jeffersonisac.adv.br\/index.php\/wp-json\/wp\/v2\/posts"}],"about":[{"href":"https:\/\/jeffersonisac.adv.br\/index.php\/wp-json\/wp\/v2\/types\/post"}],"replies":[{"embeddable":true,"href":"https:\/\/jeffersonisac.adv.br\/index.php\/wp-json\/wp\/v2\/comments?post=15908"}],"version-history":[{"count":0,"href":"https:\/\/jeffersonisac.adv.br\/index.php\/wp-json\/wp\/v2\/posts\/15908\/revisions"}],"wp:attachment":[{"href":"https:\/\/jeffersonisac.adv.br\/index.php\/wp-json\/wp\/v2\/media?parent=15908"}],"wp:term":[{"taxonomy":"category","embeddable":true,"href":"https:\/\/jeffersonisac.adv.br\/index.php\/wp-json\/wp\/v2\/categories?post=15908"},{"taxonomy":"post_tag","embeddable":true,"href":"https:\/\/jeffersonisac.adv.br\/index.php\/wp-json\/wp\/v2\/tags?post=15908"}],"curies":[{"name":"wp","href":"https:\/\/api.w.org\/{rel}","templated":true}]}}