{"id":15909,"date":"2026-03-27T12:27:59","date_gmt":"2026-03-27T15:27:59","guid":{"rendered":"https:\/\/jeffersonisac.adv.br\/index.php\/2026\/03\/27\/comissao-aprova-inclusao-do-servico-de-servico-socioassistencial-na-lei-de-assistencia-social\/"},"modified":"2026-03-27T12:27:59","modified_gmt":"2026-03-27T15:27:59","slug":"comissao-aprova-inclusao-do-servico-de-servico-socioassistencial-na-lei-de-assistencia-social","status":"publish","type":"post","link":"https:\/\/jeffersonisac.adv.br\/index.php\/2026\/03\/27\/comissao-aprova-inclusao-do-servico-de-servico-socioassistencial-na-lei-de-assistencia-social\/","title":{"rendered":"Comiss\u00e3o aprova inclus\u00e3o do Servi\u00e7o de servi\u00e7o socioassistencial na lei de assist\u00eancia social"},"content":{"rendered":"<div class=\"image-container\">\n<div class=\"midia-creditos\"><em>Kayo Magalh\u00e3es \/ C\u00e2mara dos Deputados<\/em><\/div>\n<div class=\"media-wrapper\"><\/div>\n<div class=\"midia-legenda\">Laura Carneiro recomendou a aprova\u00e7\u00e3o da proposta<\/div>\n<\/div>\n<p>A Comiss\u00e3o de Previd\u00eancia, Assist\u00eancia Social, Inf\u00e2ncia, Adolesc\u00eancia e Fam\u00edlia da C\u00e2mara dos Deputados aprovou o Projeto de Lei 2599\/24, que inclui o Servi\u00e7o de Conviv\u00eancia e Fortalecimento de V\u00ednculos (SCFV) na <a href=\"https:\/\/www2.camara.leg.br\/legin\/fed\/lei\/1993\/lei-8742-7-dezembro-1993-363163-norma-pl.html\">Lei Org\u00e2nica da Assist\u00eancia Social (Loas)<\/a>.<\/p>\n<p>Atualmente, o servi\u00e7o j\u00e1 existe, mas \u00e9 regulamentado apenas por resolu\u00e7\u00f5es e normas t\u00e9cnicas, sem previs\u00e3o espec\u00edfica na legisla\u00e7\u00e3o principal.<\/p>\n<p>O SCFV faz parte da prote\u00e7\u00e3o social b\u00e1sica e oferece atividades em grupos para prevenir situa\u00e7\u00f5es de risco social e fortalecer os la\u00e7os familiares e comunit\u00e1rios.<\/p>\n<p><strong>Centros de refer\u00eancia<\/strong><br \/>\nA proposta aprovada estabelece que o servi\u00e7o pode ser oferecido tanto nos Centros de Refer\u00eancia de Assist\u00eancia Social (CRAS) quanto em outros centros a eles referenciados. O objetivo \u00e9 garantir que os usu\u00e1rios desenvolvam capacidades e autonomia em cada etapa da vida.<\/p>\n<p>A relatora da proposta, deputada Laura Carneiro (PSD-RJ), apresentou uma <span class=\"termoGlossario\">emenda<\/span> para deixar claro que o servi\u00e7o tamb\u00e9m pode ser executado por organiza\u00e7\u00f5es da sociedade civil e por centros espec\u00edficos para crian\u00e7as, jovens e idosos.<\/p>\n<p>\u201cA emenda inclui essas formas alternativas de presta\u00e7\u00e3o do Servi\u00e7o de Conviv\u00eancia e Fortalecimento de V\u00ednculos, bem como deixa claro o car\u00e1ter complementar do servi\u00e7o com quaisquer outros trabalhos sociais, n\u00e3o se restringindo ao Servi\u00e7o de Prote\u00e7\u00e3o e Atendimento Integral \u00e0 Fam\u00edlia (Paif)\u201d, explicou a relatora.<\/p>\n<p>A autora do projeto, deputada Juliana Cardoso (PT-SP), defende que a mudan\u00e7a garante a continuidade do servi\u00e7o, independentemente de decis\u00f5es administrativas tempor\u00e1rias. Ela ressalta que o aumento do n\u00famero de idosos no Brasil exige que esses centros sejam ampliados e consolidados por lei em todas as regi\u00f5es do pa\u00eds.<\/p>\n<p><strong>Pr\u00f3ximas etapas<br \/>\n<\/strong>A proposta ser\u00e1 ainda analisada, em <span class=\"termoGlossario\">car\u00e1ter conclusivo<\/span>, pela Comiss\u00e3o de Constitui\u00e7\u00e3o e Justi\u00e7a e de Cidadania.<\/p>\n<p>Para virar lei, o texto deve ser aprovado pela C\u00e2mara e pelo Senado.<\/p>\n<p><a href=\"https:\/\/www.camara.leg.br\/noticias\/573454-SAIBA-MAIS-SOBRE-A-TRAMITACAO-DE-PROJETOS-DE-LEI\">Saiba mais sobre a tramita\u00e7\u00e3o de projetos de lei<\/a><\/p>","protected":false},"excerpt":{"rendered":"<p>Kayo Magalh\u00e3es \/ C\u00e2mara dos Deputados Laura Carneiro recomendou a aprova\u00e7\u00e3o da proposta A Comiss\u00e3o de Previd\u00eancia, Assist\u00eancia Social, Inf\u00e2ncia, Adolesc\u00eancia e Fam\u00edlia da C\u00e2mara dos Deputados aprovou o Projeto de Lei 2599\/24, que inclui o Servi\u00e7o de Conviv\u00eancia e Fortalecimento de V\u00ednculos (SCFV) na Lei Org\u00e2nica da Assist\u00eancia Social (Loas). Atualmente, o servi\u00e7o j\u00e1 [&hellip;]<\/p>\n","protected":false},"author":0,"featured_media":0,"comment_status":"open","ping_status":"open","sticky":false,"template":"","format":"standard","meta":{"footnotes":""},"categories":[1],"tags":[],"_links":{"self":[{"href":"https:\/\/jeffersonisac.adv.br\/index.php\/wp-json\/wp\/v2\/posts\/15909"}],"collection":[{"href":"https:\/\/jeffersonisac.adv.br\/index.php\/wp-json\/wp\/v2\/posts"}],"about":[{"href":"https:\/\/jeffersonisac.adv.br\/index.php\/wp-json\/wp\/v2\/types\/post"}],"replies":[{"embeddable":true,"href":"https:\/\/jeffersonisac.adv.br\/index.php\/wp-json\/wp\/v2\/comments?post=15909"}],"version-history":[{"count":0,"href":"https:\/\/jeffersonisac.adv.br\/index.php\/wp-json\/wp\/v2\/posts\/15909\/revisions"}],"wp:attachment":[{"href":"https:\/\/jeffersonisac.adv.br\/index.php\/wp-json\/wp\/v2\/media?parent=15909"}],"wp:term":[{"taxonomy":"category","embeddable":true,"href":"https:\/\/jeffersonisac.adv.br\/index.php\/wp-json\/wp\/v2\/categories?post=15909"},{"taxonomy":"post_tag","embeddable":true,"href":"https:\/\/jeffersonisac.adv.br\/index.php\/wp-json\/wp\/v2\/tags?post=15909"}],"curies":[{"name":"wp","href":"https:\/\/api.w.org\/{rel}","templated":true}]}}