{"id":15917,"date":"2026-03-27T16:25:12","date_gmt":"2026-03-27T19:25:12","guid":{"rendered":"https:\/\/jeffersonisac.adv.br\/index.php\/2026\/03\/27\/comissao-aprova-acesso-preferencial-de-jovens-vitimas-de-violencia-ao-mercado-de-trabalho\/"},"modified":"2026-03-27T16:25:12","modified_gmt":"2026-03-27T19:25:12","slug":"comissao-aprova-acesso-preferencial-de-jovens-vitimas-de-violencia-ao-mercado-de-trabalho","status":"publish","type":"post","link":"https:\/\/jeffersonisac.adv.br\/index.php\/2026\/03\/27\/comissao-aprova-acesso-preferencial-de-jovens-vitimas-de-violencia-ao-mercado-de-trabalho\/","title":{"rendered":"Comiss\u00e3o aprova acesso preferencial de jovens v\u00edtimas de viol\u00eancia ao mercado de trabalho"},"content":{"rendered":"<div class=\"image-container\">\n<div class=\"midia-creditos\"><em>Renato Ara\u00fajo\/C\u00e2mara dos Deputados<\/em><\/div>\n<div class=\"media-wrapper\"><\/div>\n<div class=\"midia-legenda\">Deputado <span>Pastor Diniz, relator do projeto de lei<\/span><\/div>\n<\/div>\n<p>A Comiss\u00e3o de Previd\u00eancia, Assist\u00eancia Social, Inf\u00e2ncia, Adolesc\u00eancia e Fam\u00edlia da C\u00e2mara dos Deputados aprovou o <a class=\"linkProposicao\" href=\"https:\/\/www.camara.leg.br\/noticias\/1102446-projeto-inclui-vitimas-de-trabalho-infantil-entre-o-publico-prioritario-do-sine\">Projeto de Lei 3244\/24<\/a>, que inclui jovens com 16 anos completos, v\u00edtimas de trabalho infantil ou de viol\u00eancia dom\u00e9stica, no grupo de atendimento priorit\u00e1rio do Sistema Nacional de Emprego (Sine)<span>. <\/span><\/p>\n<p>A medida pretende assegurar a esse p\u00fablico acesso preferencial a pol\u00edticas de qualifica\u00e7\u00e3o e inser\u00e7\u00e3o no mercado de trabalho.<\/p>\n<p><span>O projeto altera a <a class=\"linkLegislacao\" href=\"https:\/\/www2.camara.gov.br\/legin\/fed\/lei\/2018\/lei-13667-17-maio-2018-786729-norma-pl.html\">Lei 13.667\/18<\/a>, que hoje j\u00e1 prev\u00ea prioridade no atendimento de mulheres em situa\u00e7\u00e3o de viol\u00eancia dom\u00e9stica<\/span><span> e assist\u00eancia a trabalhadores resgatados de situa\u00e7\u00e3o an\u00e1loga \u00e0 de escravo. <\/span><\/p>\n<p><span>Pelo texto, munic\u00edpios que aderirem ao Sine dever\u00e3o estender esse suporte aos adolescentes que sofreram viola\u00e7\u00f5es de direitos<\/span><span>.<\/span><\/p>\n<p><span>O relator, deputado Pastor Diniz (Uni\u00e3o-RR), recomendou a aprova\u00e7\u00e3o do projeto, de autoria do <\/span>deputado Defensor St\u00e9lio Dener (Republicanos-RR). Diniz citou dados do <span class=\"termoGlossario\">IBGE<\/span> que d\u00e3o conta de 1,6 milh\u00e3o de crian\u00e7as e adolescentes em situa\u00e7\u00e3o de trabalho infantil no Brasil. Ele destacou ainda que a maioria das viol\u00eancias contra esse p\u00fablico ocorre no ambiente familiar<span>.<\/span><\/p>\n<p><span>&#8220;O objetivo \u00e9 estender essa assist\u00eancia tamb\u00e9m aos adolescentes v\u00edtimas de trabalho infantil ou de viol\u00eancia dom\u00e9stica e familiar, garantindo a eles acesso priorit\u00e1rio a pol\u00edticas p\u00fablicas de emprego e qualifica\u00e7\u00e3o profissional\u201d, disse o relator.<\/span><\/p>\n<p><strong>Pr\u00f3ximas etapas<br \/>\n<\/strong>A proposta ser\u00e1 ainda analisada, em <span class=\"termoGlossario\">car\u00e1ter conclusivo<\/span>, pelas comiss\u00f5es de Trabalho; e de Constitui\u00e7\u00e3o e Justi\u00e7a e de Cidadania<span>. <\/span><span>Para virar lei, o texto deve ser aprovado pela C\u00e2mara e pelo Senado<\/span><span>.<\/span><\/p>\n<p><a href=\"https:\/\/www.camara.leg.br\/noticias\/573454-SAIBA-MAIS-SOBRE-A-TRAMITACAO-DE-PROJETOS-DE-LEI\">Saiba mais sobre a tramita\u00e7\u00e3o de projetos de lei<\/a><\/p>","protected":false},"excerpt":{"rendered":"<p>Renato Ara\u00fajo\/C\u00e2mara dos Deputados Deputado Pastor Diniz, relator do projeto de lei A Comiss\u00e3o de Previd\u00eancia, Assist\u00eancia Social, Inf\u00e2ncia, Adolesc\u00eancia e Fam\u00edlia da C\u00e2mara dos Deputados aprovou o Projeto de Lei 3244\/24, que inclui jovens com 16 anos completos, v\u00edtimas de trabalho infantil ou de viol\u00eancia dom\u00e9stica, no grupo de atendimento priorit\u00e1rio do Sistema Nacional [&hellip;]<\/p>\n","protected":false},"author":0,"featured_media":0,"comment_status":"open","ping_status":"open","sticky":false,"template":"","format":"standard","meta":{"footnotes":""},"categories":[1],"tags":[],"_links":{"self":[{"href":"https:\/\/jeffersonisac.adv.br\/index.php\/wp-json\/wp\/v2\/posts\/15917"}],"collection":[{"href":"https:\/\/jeffersonisac.adv.br\/index.php\/wp-json\/wp\/v2\/posts"}],"about":[{"href":"https:\/\/jeffersonisac.adv.br\/index.php\/wp-json\/wp\/v2\/types\/post"}],"replies":[{"embeddable":true,"href":"https:\/\/jeffersonisac.adv.br\/index.php\/wp-json\/wp\/v2\/comments?post=15917"}],"version-history":[{"count":0,"href":"https:\/\/jeffersonisac.adv.br\/index.php\/wp-json\/wp\/v2\/posts\/15917\/revisions"}],"wp:attachment":[{"href":"https:\/\/jeffersonisac.adv.br\/index.php\/wp-json\/wp\/v2\/media?parent=15917"}],"wp:term":[{"taxonomy":"category","embeddable":true,"href":"https:\/\/jeffersonisac.adv.br\/index.php\/wp-json\/wp\/v2\/categories?post=15917"},{"taxonomy":"post_tag","embeddable":true,"href":"https:\/\/jeffersonisac.adv.br\/index.php\/wp-json\/wp\/v2\/tags?post=15917"}],"curies":[{"name":"wp","href":"https:\/\/api.w.org\/{rel}","templated":true}]}}