{"id":15919,"date":"2026-03-27T17:28:57","date_gmt":"2026-03-27T20:28:57","guid":{"rendered":"https:\/\/jeffersonisac.adv.br\/index.php\/2026\/03\/27\/comissao-aprova-projeto-que-assegura-a-gestante-direito-a-fotografo-durante-o-parto\/"},"modified":"2026-03-27T17:28:57","modified_gmt":"2026-03-27T20:28:57","slug":"comissao-aprova-projeto-que-assegura-a-gestante-direito-a-fotografo-durante-o-parto","status":"publish","type":"post","link":"https:\/\/jeffersonisac.adv.br\/index.php\/2026\/03\/27\/comissao-aprova-projeto-que-assegura-a-gestante-direito-a-fotografo-durante-o-parto\/","title":{"rendered":"Comiss\u00e3o aprova projeto que assegura \u00e0 gestante direito a fot\u00f3grafo durante o parto"},"content":{"rendered":"<div class=\"image-container\">\n<div class=\"midia-creditos\"><em>Kayo Magalh\u00e3es \/ C\u00e2mara dos Deputados<\/em><\/div>\n<div class=\"media-wrapper\"><\/div>\n<div class=\"midia-legenda\">Clarissa T\u00e9rcio, relatora na comiss\u00e3o<\/div>\n<\/div>\n<p>A Comiss\u00e3o de Previd\u00eancia, Assist\u00eancia Social, Inf\u00e2ncia, Adolesc\u00eancia e Fam\u00edlia aprovou o Projeto de Lei 3525\/24, que garante \u00e0 gestante o direito de ser acompanhada por fot\u00f3grafo ou cinegrafista durante o parto. O texto deixa claro que a mulher n\u00e3o precisa abrir m\u00e3o do acompanhante de apoio emocional, que j\u00e1 \u00e9 garantido por lei.<\/p>\n<p>O projeto, que altera o <a href=\"https:\/\/www2.camara.leg.br\/legin\/fed\/lei\/1990\/lei-8069-13-julho-1990-372211-norma-pl.html\">Estatuto da Crian\u00e7a e do Adolescente<\/a>, pro\u00edbe hospitais e cl\u00ednicas de cobrar taxas extras pela presen\u00e7a do fot\u00f3grafo e impede que a gestante seja obrigada a contratar profissionais do pr\u00f3prio hospital.<\/p>\n<p>O direito ao fot\u00f3grafo s\u00f3 pode ser limitado se houver risco real para a sa\u00fade da gestante. Nesse caso, a equipe m\u00e9dica deve explicar o motivo e registrar a decis\u00e3o no prontu\u00e1rio.<\/p>\n<p>M\u00e9dicos ou outros profissionais de sa\u00fade que impedirem a presen\u00e7a do fot\u00f3grafo sem motivo poder\u00e3o pagar multa de 3 a 20 sal\u00e1rios de refer\u00eancia. Esse valor dobra em caso de repeti\u00e7\u00e3o da infra\u00e7\u00e3o.<\/p>\n<p>A relatora, deputada Clarissa T\u00e9rcio (PP-PE) , disse que o projeto corrige uma lacuna que for\u00e7ava mulheres a escolher entre apoio emocional e registro profissional. \u201cNegar \u00e0s fam\u00edlias o direito de documentar adequadamente esse evento significa desconhecer a realidade cultural atual e limitar artificialmente a express\u00e3o da valoriza\u00e7\u00e3o da maternidade e da fam\u00edlia&#8221;, disse.<\/p>\n<p>O autor da proposta, deputado Luiz Lima (Novo-RJ), argumenta que a restri\u00e7\u00e3o a fot\u00f3grafos pr\u00f3prios dos hospitais configura pr\u00e1tica abusiva contra o consumidor.<\/p>\n<p><strong>Pr\u00f3ximas etapas<br \/>\n<\/strong>A proposta ser\u00e1 ainda analisada, em <span class=\"termoGlossario\">car\u00e1ter conclusivo<\/span>, pelas comiss\u00f5es de Defesa do Consumidor; de Sa\u00fade; e de Constitui\u00e7\u00e3o e Justi\u00e7a e de Cidadania.<\/p>\n<p>Para virar lei, o texto deve ser aprovado pela C\u00e2mara e pelo Senado.<\/p>\n<p><a href=\"https:\/\/www.camara.leg.br\/noticias\/573454-SAIBA-MAIS-SOBRE-A-TRAMITACAO-DE-PROJETOS-DE-LEI\">Saiba mais sobre a tramita\u00e7\u00e3o de projetos de lei<\/a><\/p>","protected":false},"excerpt":{"rendered":"<p>Kayo Magalh\u00e3es \/ C\u00e2mara dos Deputados Clarissa T\u00e9rcio, relatora na comiss\u00e3o A Comiss\u00e3o de Previd\u00eancia, Assist\u00eancia Social, Inf\u00e2ncia, Adolesc\u00eancia e Fam\u00edlia aprovou o Projeto de Lei 3525\/24, que garante \u00e0 gestante o direito de ser acompanhada por fot\u00f3grafo ou cinegrafista durante o parto. O texto deixa claro que a mulher n\u00e3o precisa abrir m\u00e3o do [&hellip;]<\/p>\n","protected":false},"author":0,"featured_media":0,"comment_status":"open","ping_status":"open","sticky":false,"template":"","format":"standard","meta":{"footnotes":""},"categories":[1],"tags":[],"_links":{"self":[{"href":"https:\/\/jeffersonisac.adv.br\/index.php\/wp-json\/wp\/v2\/posts\/15919"}],"collection":[{"href":"https:\/\/jeffersonisac.adv.br\/index.php\/wp-json\/wp\/v2\/posts"}],"about":[{"href":"https:\/\/jeffersonisac.adv.br\/index.php\/wp-json\/wp\/v2\/types\/post"}],"replies":[{"embeddable":true,"href":"https:\/\/jeffersonisac.adv.br\/index.php\/wp-json\/wp\/v2\/comments?post=15919"}],"version-history":[{"count":0,"href":"https:\/\/jeffersonisac.adv.br\/index.php\/wp-json\/wp\/v2\/posts\/15919\/revisions"}],"wp:attachment":[{"href":"https:\/\/jeffersonisac.adv.br\/index.php\/wp-json\/wp\/v2\/media?parent=15919"}],"wp:term":[{"taxonomy":"category","embeddable":true,"href":"https:\/\/jeffersonisac.adv.br\/index.php\/wp-json\/wp\/v2\/categories?post=15919"},{"taxonomy":"post_tag","embeddable":true,"href":"https:\/\/jeffersonisac.adv.br\/index.php\/wp-json\/wp\/v2\/tags?post=15919"}],"curies":[{"name":"wp","href":"https:\/\/api.w.org\/{rel}","templated":true}]}}