{"id":15921,"date":"2026-03-27T18:32:42","date_gmt":"2026-03-27T21:32:42","guid":{"rendered":"https:\/\/jeffersonisac.adv.br\/index.php\/2026\/03\/27\/comissao-aprova-projeto-que-amplia-pausas-para-amamentacao-no-trabalho\/"},"modified":"2026-03-27T18:32:42","modified_gmt":"2026-03-27T21:32:42","slug":"comissao-aprova-projeto-que-amplia-pausas-para-amamentacao-no-trabalho","status":"publish","type":"post","link":"https:\/\/jeffersonisac.adv.br\/index.php\/2026\/03\/27\/comissao-aprova-projeto-que-amplia-pausas-para-amamentacao-no-trabalho\/","title":{"rendered":"Comiss\u00e3o aprova projeto que amplia pausas para amamenta\u00e7\u00e3o no trabalho"},"content":{"rendered":"<div class=\"image-container\">\n<div class=\"midia-creditos\"><em>Kayo Magalh\u00e3es \/ C\u00e2mara dos Deputados<\/em><\/div>\n<div class=\"media-wrapper\"><\/div>\n<div class=\"midia-legenda\">Laura Carneiro, relatora na comiss\u00e3o<\/div>\n<\/div>\n<p>A Comiss\u00e3o de Previd\u00eancia, Assist\u00eancia Social, Inf\u00e2ncia, Adolesc\u00eancia e Fam\u00edlia da C\u00e2mara dos Deputados <a href=\"https:\/\/www.camara.leg.br\/proposicoesWeb\/prop_mostrarintegra?codteor=3002968&amp;filename=Parecer-CTRAB-2025-09-19\">aprovou proposta<\/a> que amplia os descansos para m\u00e3e amamentar seu filho durante a jornada de trabalho. O benef\u00edcio vale at\u00e9 a crian\u00e7a completar 1 ano e 4 meses.<\/p>\n<p>Atualmente, a <a href=\"https:\/\/www2.camara.leg.br\/legin\/fed\/declei\/1940-1949\/decreto-lei-5452-1-maio-1943-415500-normaatualizada-pe.html\">Consolida\u00e7\u00e3o das Leis do Trabalho (CLT)<\/a> j\u00e1 estabelece dois intervalos de meia hora para amamenta\u00e7\u00e3o at\u00e9 o beb\u00ea completar 6 meses. A proposta amplia para, entre 6 meses e 1 ano e 4 meses, permitir pausa de meia hora por dia dedicado a amamentar o beb\u00ea.<\/p>\n<p>O texto aprovado \u00e9 um <span class=\"termoGlossario\">substitutivo<\/span> da Comiss\u00e3o de Trabalho ao Projeto de Lei 3970\/24, da deputada Rog\u00e9ria Santos (Republicanos-BA).<\/p>\n<p>O projeto original condicionava a amplia\u00e7\u00e3o do per\u00edodo de intervalo para amamenta\u00e7\u00e3o de laudo m\u00e9dico feito por entidades ligadas ao Sistema \u00danico de Sa\u00fade (SUS), ao Instituto Nacional do Seguro Social (INSS) ou empresas prestadoras de servi\u00e7o de sa\u00fade ou de autoridades competentes. J\u00e1 o texto aprovado n\u00e3o limita quem pode elaborar o atestado m\u00e9dico, basta comprovar a necessidade da continuidade da pausa para amamenta\u00e7\u00e3o.<\/p>\n<p>Segundo a relatora, deputada Laura Carneiro (PSD-RJ), o projeto \u00e9 merit\u00f3rio ao estender para at\u00e9 1 ano e 4 meses, pelo menos, o direito da mulher \u00e0 amamenta\u00e7\u00e3o. &#8220;Por outro lado, parece-nos que a altera\u00e7\u00e3o legislativa foi elaborada de forma mais clara: mesmo o m\u00e9dico particular da mulher poder\u00e1 atestar a necessidade de um per\u00edodo maior de amamenta\u00e7\u00e3o&#8221;, declarou.<\/p>\n<p><strong>Pr\u00f3ximos passos<\/strong><br \/>\nA proposta ainda ser\u00e1 analisada em <span class=\"termoGlossario\">car\u00e1ter conclusivo<\/span> pela Comiss\u00e3o de Constitui\u00e7\u00e3o e Justi\u00e7a e de Cidadania. Para virar lei, precisa ser aprovada por C\u00e2mara e Senado.<\/p>\n<p><a href=\"https:\/\/www.camara.leg.br\/noticias\/573454-SAIBA-MAIS-SOBRE-A-TRAMITACAO-DE-PROJETOS-DE-LEI\">Saiba mais sobre a tramita\u00e7\u00e3o de projetos de lei<\/a><\/p>","protected":false},"excerpt":{"rendered":"<p>Kayo Magalh\u00e3es \/ C\u00e2mara dos Deputados Laura Carneiro, relatora na comiss\u00e3o A Comiss\u00e3o de Previd\u00eancia, Assist\u00eancia Social, Inf\u00e2ncia, Adolesc\u00eancia e Fam\u00edlia da C\u00e2mara dos Deputados aprovou proposta que amplia os descansos para m\u00e3e amamentar seu filho durante a jornada de trabalho. O benef\u00edcio vale at\u00e9 a crian\u00e7a completar 1 ano e 4 meses. Atualmente, a [&hellip;]<\/p>\n","protected":false},"author":0,"featured_media":0,"comment_status":"open","ping_status":"open","sticky":false,"template":"","format":"standard","meta":{"footnotes":""},"categories":[1],"tags":[],"_links":{"self":[{"href":"https:\/\/jeffersonisac.adv.br\/index.php\/wp-json\/wp\/v2\/posts\/15921"}],"collection":[{"href":"https:\/\/jeffersonisac.adv.br\/index.php\/wp-json\/wp\/v2\/posts"}],"about":[{"href":"https:\/\/jeffersonisac.adv.br\/index.php\/wp-json\/wp\/v2\/types\/post"}],"replies":[{"embeddable":true,"href":"https:\/\/jeffersonisac.adv.br\/index.php\/wp-json\/wp\/v2\/comments?post=15921"}],"version-history":[{"count":0,"href":"https:\/\/jeffersonisac.adv.br\/index.php\/wp-json\/wp\/v2\/posts\/15921\/revisions"}],"wp:attachment":[{"href":"https:\/\/jeffersonisac.adv.br\/index.php\/wp-json\/wp\/v2\/media?parent=15921"}],"wp:term":[{"taxonomy":"category","embeddable":true,"href":"https:\/\/jeffersonisac.adv.br\/index.php\/wp-json\/wp\/v2\/categories?post=15921"},{"taxonomy":"post_tag","embeddable":true,"href":"https:\/\/jeffersonisac.adv.br\/index.php\/wp-json\/wp\/v2\/tags?post=15921"}],"curies":[{"name":"wp","href":"https:\/\/api.w.org\/{rel}","templated":true}]}}