{"id":15925,"date":"2026-03-30T08:28:03","date_gmt":"2026-03-30T11:28:03","guid":{"rendered":"https:\/\/jeffersonisac.adv.br\/index.php\/2026\/03\/30\/comissao-aprova-proposta-com-regra-para-indenizar-arma-devolvida\/"},"modified":"2026-03-30T08:28:03","modified_gmt":"2026-03-30T11:28:03","slug":"comissao-aprova-proposta-com-regra-para-indenizar-arma-devolvida","status":"publish","type":"post","link":"https:\/\/jeffersonisac.adv.br\/index.php\/2026\/03\/30\/comissao-aprova-proposta-com-regra-para-indenizar-arma-devolvida\/","title":{"rendered":"Comiss\u00e3o aprova proposta com regra para indenizar arma devolvida"},"content":{"rendered":"<div class=\"image-container\">\n<div class=\"midia-creditos\"><em>Bruno Spada \/ C\u00e2mara dos Deputados<\/em><\/div>\n<div class=\"media-wrapper\"><\/div>\n<div class=\"midia-legenda\">Zucco \u00e9 o relator do projeto<\/div>\n<\/div>\n<p>A Comiss\u00e3o de Seguran\u00e7a P\u00fablica da C\u00e2mara dos Deputados aprovou proposta que estabelece o valor m\u00e9dio de mercado como par\u00e2metro principal para indeniza\u00e7\u00e3o de arma de fogo devolvida \u00e0 Pol\u00edcia Federal por quem tem posse ou porte legal. O valor final da indeniza\u00e7\u00e3o tamb\u00e9m deve considerar o estado de conserva\u00e7\u00e3o da arma e o valor da nota fiscal de compra, caso seja apresentada.<\/p>\n<p>O <a class=\"linkLegislacao\" href=\"https:\/\/www2.camara.gov.br\/legin\/fed\/lei\/2003\/lei-10826-22-dezembro-2003-490580-norma-pl.html\">Estatuto do Desarmamento<\/a>\u00a0j\u00e1 prev\u00ea a possibilidade de devolu\u00e7\u00e3o, mas n\u00e3o detalha os crit\u00e9rios de indeniza\u00e7\u00e3o.<\/p>\n<p>O texto aprovado \u00e9 um <span class=\"termoGlossario\">substitutivo<\/span> do relator, o deputado Zucco (PL-RS), ao Projeto de Lei 4033\/25, do deputado Marcos Pollon (PL-MS). O projeto original define que a indeniza\u00e7\u00e3o ser\u00e1 paga com base no valor da nota fiscal de aquisi\u00e7\u00e3o, corrigido at\u00e9 a data da entrega, ou pelo pre\u00e7o m\u00e9dio de mercado da regi\u00e3o. Prevalece o valor mais vantajoso para o propriet\u00e1rio.<\/p>\n<p>Segundo o relator, deputado Zucco, o projeto original apresenta um v\u00edcio formal que poderia inviabilizar sua transforma\u00e7\u00e3o em lei. &#8220;Ao impor uma f\u00f3rmula de c\u00e1lculo exata ao Executivo, o Parlamento invade a esfera de gest\u00e3o e de regulamenta\u00e7\u00e3o. N\u00e3o podemos, contudo, permitir que uma proposta t\u00e3o merit\u00f3ria seja rejeitada por v\u00edcios san\u00e1veis&#8221;, afirmou.<\/p>\n<p><strong>Pr\u00f3ximos passos<\/strong><br \/>\nA proposta ainda ser\u00e1 analisada, em <span class=\"termoGlossario\">car\u00e1ter conclusivo<\/span>, pelas comiss\u00f5es de Finan\u00e7as e Tributa\u00e7\u00e3o; e de Constitui\u00e7\u00e3o e Justi\u00e7a e de Cidadania. Para virar lei, precisa ser aprovada pela C\u00e2mara e pelo Senado.<\/p>\n<p><a href=\"https:\/\/www.camara.leg.br\/noticias\/573454-SAIBA-MAIS-SOBRE-A-TRAMITACAO-DE-PROJETOS-DE-LEI\">Saiba mais sobre a tramita\u00e7\u00e3o de projetos de lei<\/a><\/p>","protected":false},"excerpt":{"rendered":"<p>Bruno Spada \/ C\u00e2mara dos Deputados Zucco \u00e9 o relator do projeto A Comiss\u00e3o de Seguran\u00e7a P\u00fablica da C\u00e2mara dos Deputados aprovou proposta que estabelece o valor m\u00e9dio de mercado como par\u00e2metro principal para indeniza\u00e7\u00e3o de arma de fogo devolvida \u00e0 Pol\u00edcia Federal por quem tem posse ou porte legal. O valor final da indeniza\u00e7\u00e3o [&hellip;]<\/p>\n","protected":false},"author":0,"featured_media":0,"comment_status":"open","ping_status":"open","sticky":false,"template":"","format":"standard","meta":{"footnotes":""},"categories":[1],"tags":[],"_links":{"self":[{"href":"https:\/\/jeffersonisac.adv.br\/index.php\/wp-json\/wp\/v2\/posts\/15925"}],"collection":[{"href":"https:\/\/jeffersonisac.adv.br\/index.php\/wp-json\/wp\/v2\/posts"}],"about":[{"href":"https:\/\/jeffersonisac.adv.br\/index.php\/wp-json\/wp\/v2\/types\/post"}],"replies":[{"embeddable":true,"href":"https:\/\/jeffersonisac.adv.br\/index.php\/wp-json\/wp\/v2\/comments?post=15925"}],"version-history":[{"count":0,"href":"https:\/\/jeffersonisac.adv.br\/index.php\/wp-json\/wp\/v2\/posts\/15925\/revisions"}],"wp:attachment":[{"href":"https:\/\/jeffersonisac.adv.br\/index.php\/wp-json\/wp\/v2\/media?parent=15925"}],"wp:term":[{"taxonomy":"category","embeddable":true,"href":"https:\/\/jeffersonisac.adv.br\/index.php\/wp-json\/wp\/v2\/categories?post=15925"},{"taxonomy":"post_tag","embeddable":true,"href":"https:\/\/jeffersonisac.adv.br\/index.php\/wp-json\/wp\/v2\/tags?post=15925"}],"curies":[{"name":"wp","href":"https:\/\/api.w.org\/{rel}","templated":true}]}}