{"id":15926,"date":"2026-03-30T09:25:15","date_gmt":"2026-03-30T12:25:15","guid":{"rendered":"https:\/\/jeffersonisac.adv.br\/index.php\/2026\/03\/30\/projeto-preve-salario-minimo-para-estagiarios-e-cria-sistema-de-cotas\/"},"modified":"2026-03-30T09:25:15","modified_gmt":"2026-03-30T12:25:15","slug":"projeto-preve-salario-minimo-para-estagiarios-e-cria-sistema-de-cotas","status":"publish","type":"post","link":"https:\/\/jeffersonisac.adv.br\/index.php\/2026\/03\/30\/projeto-preve-salario-minimo-para-estagiarios-e-cria-sistema-de-cotas\/","title":{"rendered":"Projeto prev\u00ea sal\u00e1rio m\u00ednimo para estagi\u00e1rios e cria sistema de cotas"},"content":{"rendered":"<div class=\"image-container\">\n<div class=\"midia-creditos\"><em>Kayo Magalh\u00e3es \/ C\u00e2mara dos Deputados<\/em><\/div>\n<div class=\"media-wrapper\"><\/div>\n<div class=\"midia-legenda\">Orlando Silva \u00e9 um dos autores da proposta<\/div>\n<\/div>\n<p>O Projeto de Lei 6350\/25 torna obrigat\u00f3ria a remunera\u00e7\u00e3o em todos os est\u00e1gios, inclusive os obrigat\u00f3rios. Al\u00e9m disso, estabelece que, caso o est\u00e1gio n\u00e3o seja obrigat\u00f3rio, o estudante deve ser remunerado com pelo menos um sal\u00e1rio m\u00ednimo (atualmente, R$ 1.621). O texto est\u00e1 em an\u00e1lise na C\u00e2mara dos Deputados.<\/p>\n<p>A proposta pro\u00edbe a realiza\u00e7\u00e3o de est\u00e1gios aos finais de semana e exige que ocorram exclusivamente em dias \u00fateis. O texto altera a <a class=\"linkLegislacao\" href=\"https:\/\/www2.camara.gov.br\/legin\/fed\/lei\/2008\/lei-11788-25-setembro-2008-581200-norma-pl.html\">Lei do Est\u00e1gio<\/a>.<\/p>\n<p>Nos est\u00e1gios obrigat\u00f3rios, dever\u00e3o ser fornecidos vale-transporte integral, bolsa-aux\u00edlio e vale-refei\u00e7\u00e3o com valor m\u00ednimo di\u00e1rio de R$ 28,30. O descumprimento das regras caracterizar\u00e1 v\u00ednculo de emprego para todos os fins da legisla\u00e7\u00e3o.<\/p>\n<p>\u201cO est\u00e1gio profissional n\u00e3o pode ser reduzido a mero fornecedor de m\u00e3o de obra barata, sujeita a todo tipo de explora\u00e7\u00e3o\u201d, afirmaram os autores da proposta, os deputados Orlando Silva (PCdoB-SP) e <a href=\"https:\/\/www.camara.leg.br\/proposicoesWeb\/prop_autores?idProposicao=2595855\">outros nove parlamentares<\/a>.<\/p>\n<p><strong>Cotas e fiscaliza\u00e7\u00e3o<\/strong><br \/>\nO projeto cria um sistema de reserva de vagas, destinando, no m\u00ednimo, 25% das oportunidades de est\u00e1gio a pessoas autodeclaradas pretas, pardas ou ind\u00edgenas. Haver\u00e1 ainda exig\u00eancia de pelo menos 10% das vagas para pessoas com defici\u00eancia.<\/p>\n<p>As institui\u00e7\u00f5es de ensino tamb\u00e9m ser\u00e3o obrigadas a criar um \u00f3rg\u00e3o fiscalizador interno para acompanhar o cumprimento das garantias legais. Esse \u00f3rg\u00e3o dever\u00e1 disponibilizar canais de comunica\u00e7\u00e3o e de registro de den\u00fancias aos estudantes.<\/p>\n<p><strong>Pr\u00f3ximos passos<\/strong><br \/>\nA proposta ser\u00e1 analisada em <span class=\"termoGlossario\">car\u00e1ter conclusivo<\/span> pelas comiss\u00f5es de Trabalho; de Educa\u00e7\u00e3o; de Finan\u00e7as e Tributa\u00e7\u00e3o; e de Constitui\u00e7\u00e3o e Justi\u00e7a e de Cidadania. Para virar lei, o texto ter\u00e1 de ser aprovado pela C\u00e2mara e pelo Senado.<\/p>\n<p><a href=\"https:\/\/www.camara.leg.br\/noticias\/573454-SAIBA-MAIS-SOBRE-A-TRAMITACAO-DE-PROJETOS-DE-LEI\">Saiba mais sobre a tramita\u00e7\u00e3o de projeto de lei<\/a><\/p>","protected":false},"excerpt":{"rendered":"<p>Kayo Magalh\u00e3es \/ C\u00e2mara dos Deputados Orlando Silva \u00e9 um dos autores da proposta O Projeto de Lei 6350\/25 torna obrigat\u00f3ria a remunera\u00e7\u00e3o em todos os est\u00e1gios, inclusive os obrigat\u00f3rios. Al\u00e9m disso, estabelece que, caso o est\u00e1gio n\u00e3o seja obrigat\u00f3rio, o estudante deve ser remunerado com pelo menos um sal\u00e1rio m\u00ednimo (atualmente, R$ 1.621). O [&hellip;]<\/p>\n","protected":false},"author":0,"featured_media":0,"comment_status":"open","ping_status":"open","sticky":false,"template":"","format":"standard","meta":{"footnotes":""},"categories":[1],"tags":[],"_links":{"self":[{"href":"https:\/\/jeffersonisac.adv.br\/index.php\/wp-json\/wp\/v2\/posts\/15926"}],"collection":[{"href":"https:\/\/jeffersonisac.adv.br\/index.php\/wp-json\/wp\/v2\/posts"}],"about":[{"href":"https:\/\/jeffersonisac.adv.br\/index.php\/wp-json\/wp\/v2\/types\/post"}],"replies":[{"embeddable":true,"href":"https:\/\/jeffersonisac.adv.br\/index.php\/wp-json\/wp\/v2\/comments?post=15926"}],"version-history":[{"count":0,"href":"https:\/\/jeffersonisac.adv.br\/index.php\/wp-json\/wp\/v2\/posts\/15926\/revisions"}],"wp:attachment":[{"href":"https:\/\/jeffersonisac.adv.br\/index.php\/wp-json\/wp\/v2\/media?parent=15926"}],"wp:term":[{"taxonomy":"category","embeddable":true,"href":"https:\/\/jeffersonisac.adv.br\/index.php\/wp-json\/wp\/v2\/categories?post=15926"},{"taxonomy":"post_tag","embeddable":true,"href":"https:\/\/jeffersonisac.adv.br\/index.php\/wp-json\/wp\/v2\/tags?post=15926"}],"curies":[{"name":"wp","href":"https:\/\/api.w.org\/{rel}","templated":true}]}}