{"id":15927,"date":"2026-03-30T10:25:41","date_gmt":"2026-03-30T13:25:41","guid":{"rendered":"https:\/\/jeffersonisac.adv.br\/index.php\/2026\/03\/30\/projeto-obriga-orgaos-publicos-a-receber-documentos-por-e-mail-institucional\/"},"modified":"2026-03-30T10:25:41","modified_gmt":"2026-03-30T13:25:41","slug":"projeto-obriga-orgaos-publicos-a-receber-documentos-por-e-mail-institucional","status":"publish","type":"post","link":"https:\/\/jeffersonisac.adv.br\/index.php\/2026\/03\/30\/projeto-obriga-orgaos-publicos-a-receber-documentos-por-e-mail-institucional\/","title":{"rendered":"Projeto obriga \u00f3rg\u00e3os p\u00fablicos a receber documentos por e-mail institucional"},"content":{"rendered":"<div class=\"image-container\">\n<div class=\"midia-creditos\"><em>Kayo Magalh\u00e3es\/C\u00e2mara dos Deputados<\/em><\/div>\n<div class=\"media-wrapper\"><\/div>\n<div class=\"midia-legenda\">Chico Alencar, o autor do projeto<\/div>\n<\/div>\n<p>O Projeto de Lei 6360\/25 obriga \u00f3rg\u00e3os e entidades da administra\u00e7\u00e3o p\u00fablica a manterem endere\u00e7o de correio eletr\u00f4nico institucional destinado ao recebimento de documentos. A medida vale para a Uni\u00e3o, os estados, o Distrito Federal e os munic\u00edpios.<\/p>\n<p>Pela proposta em an\u00e1lise na C\u00e2mara dos Deputados, o envio de documentos pelo e-mail ter\u00e1 os mesmos efeitos jur\u00eddicos e administrativos do protocolo presencial ou de sistemas pr\u00f3prios.<\/p>\n<p>O texto tamb\u00e9m pro\u00edbe a exig\u00eancia de contas pessoais de representantes legais ou de parlamentares para o envio de documentos.<\/p>\n<p>\u201cO objetivo \u00e9 uniformizar a obrigatoriedade de um endere\u00e7o eletr\u00f4nico oficial para recebimento de documentos, com efeitos jur\u00eddicos equivalentes\u201d, disse o deputado Chico Alencar (Psol-RJ).<\/p>\n<p><strong>Pr\u00f3ximos passos<\/strong><br \/>\nA proposta ser\u00e1 analisada, em <span class=\"termoGlossario\">car\u00e1ter conclusivo<\/span>, pelas comiss\u00f5es de Administra\u00e7\u00e3o e Servi\u00e7o P\u00fablico; e de Constitui\u00e7\u00e3o e Justi\u00e7a e de Cidadania.<\/p>\n<p>Para virar lei, o texto ter\u00e1 de ser aprovado pela C\u00e2mara e pelo Senado.<\/p>\n<p><a href=\"https:\/\/www.camara.leg.br\/noticias\/573454-SAIBA-MAIS-SOBRE-A-TRAMITACAO-DE-PROJETOS-DE-LEI\">Saiba mais sobre a tramita\u00e7\u00e3o de projetos de lei<\/a><\/p>","protected":false},"excerpt":{"rendered":"<p>Kayo Magalh\u00e3es\/C\u00e2mara dos Deputados Chico Alencar, o autor do projeto O Projeto de Lei 6360\/25 obriga \u00f3rg\u00e3os e entidades da administra\u00e7\u00e3o p\u00fablica a manterem endere\u00e7o de correio eletr\u00f4nico institucional destinado ao recebimento de documentos. A medida vale para a Uni\u00e3o, os estados, o Distrito Federal e os munic\u00edpios. Pela proposta em an\u00e1lise na C\u00e2mara dos [&hellip;]<\/p>\n","protected":false},"author":0,"featured_media":0,"comment_status":"open","ping_status":"open","sticky":false,"template":"","format":"standard","meta":{"footnotes":""},"categories":[1],"tags":[],"_links":{"self":[{"href":"https:\/\/jeffersonisac.adv.br\/index.php\/wp-json\/wp\/v2\/posts\/15927"}],"collection":[{"href":"https:\/\/jeffersonisac.adv.br\/index.php\/wp-json\/wp\/v2\/posts"}],"about":[{"href":"https:\/\/jeffersonisac.adv.br\/index.php\/wp-json\/wp\/v2\/types\/post"}],"replies":[{"embeddable":true,"href":"https:\/\/jeffersonisac.adv.br\/index.php\/wp-json\/wp\/v2\/comments?post=15927"}],"version-history":[{"count":0,"href":"https:\/\/jeffersonisac.adv.br\/index.php\/wp-json\/wp\/v2\/posts\/15927\/revisions"}],"wp:attachment":[{"href":"https:\/\/jeffersonisac.adv.br\/index.php\/wp-json\/wp\/v2\/media?parent=15927"}],"wp:term":[{"taxonomy":"category","embeddable":true,"href":"https:\/\/jeffersonisac.adv.br\/index.php\/wp-json\/wp\/v2\/categories?post=15927"},{"taxonomy":"post_tag","embeddable":true,"href":"https:\/\/jeffersonisac.adv.br\/index.php\/wp-json\/wp\/v2\/tags?post=15927"}],"curies":[{"name":"wp","href":"https:\/\/api.w.org\/{rel}","templated":true}]}}