{"id":15934,"date":"2026-03-30T16:24:58","date_gmt":"2026-03-30T19:24:58","guid":{"rendered":"https:\/\/jeffersonisac.adv.br\/index.php\/2026\/03\/30\/projeto-modifica-orcamento-de-2026-para-atender-reestruturacao-da-receita-federal\/"},"modified":"2026-03-30T16:24:58","modified_gmt":"2026-03-30T19:24:58","slug":"projeto-modifica-orcamento-de-2026-para-atender-reestruturacao-da-receita-federal","status":"publish","type":"post","link":"https:\/\/jeffersonisac.adv.br\/index.php\/2026\/03\/30\/projeto-modifica-orcamento-de-2026-para-atender-reestruturacao-da-receita-federal\/","title":{"rendered":"Projeto modifica Or\u00e7amento de 2026 para atender reestrutura\u00e7\u00e3o da Receita Federal"},"content":{"rendered":"<div class=\"image-container\">\n<div class=\"midia-creditos\"><em>Bruno Spada \/ C\u00e2mara dos Deputados<\/em><\/div>\n<div class=\"media-wrapper\"><\/div>\n<div class=\"midia-legenda\">Projeto ser\u00e1 analisado pela Comiss\u00e3o de Or\u00e7amento<\/div>\n<\/div>\n<p>O Congresso Nacional analisa projeto do Poder Executivo que modifica o <a href=\"https:\/\/www2.camara.gov.br\/legin\/fed\/lei\/2026\/lei-15346-14-janeiro-2026-798659-norma-pl.html\">Or\u00e7amento de 2026<\/a> para adequar o texto \u00e0 reestrutura\u00e7\u00e3o administrativa da Receita Federal (PLN 1\/26). O objetivo \u00e9 transformar fun\u00e7\u00f5es gratificadas em fun\u00e7\u00f5es comissionadas executivas.<\/p>\n<p>Segundo o governo, a proposta n\u00e3o resultar\u00e1 em aumento da despesa prevista no Or\u00e7amento, porque ser\u00e1 feita a partir da redistribui\u00e7\u00e3o de quantitativos j\u00e1 existentes no Minist\u00e9rio do Planejamento e Or\u00e7amento.<\/p>\n<p>O projeto ser\u00e1 analisado pela <span class=\"termoGlossario\">Comiss\u00e3o Mista de Or\u00e7amento<\/span> e, em seguida, pelo Plen\u00e1rio do Congresso Nacional.<\/p>","protected":false},"excerpt":{"rendered":"<p>Bruno Spada \/ C\u00e2mara dos Deputados Projeto ser\u00e1 analisado pela Comiss\u00e3o de Or\u00e7amento O Congresso Nacional analisa projeto do Poder Executivo que modifica o Or\u00e7amento de 2026 para adequar o texto \u00e0 reestrutura\u00e7\u00e3o administrativa da Receita Federal (PLN 1\/26). O objetivo \u00e9 transformar fun\u00e7\u00f5es gratificadas em fun\u00e7\u00f5es comissionadas executivas. Segundo o governo, a proposta n\u00e3o [&hellip;]<\/p>\n","protected":false},"author":0,"featured_media":0,"comment_status":"open","ping_status":"open","sticky":false,"template":"","format":"standard","meta":{"footnotes":""},"categories":[1],"tags":[],"_links":{"self":[{"href":"https:\/\/jeffersonisac.adv.br\/index.php\/wp-json\/wp\/v2\/posts\/15934"}],"collection":[{"href":"https:\/\/jeffersonisac.adv.br\/index.php\/wp-json\/wp\/v2\/posts"}],"about":[{"href":"https:\/\/jeffersonisac.adv.br\/index.php\/wp-json\/wp\/v2\/types\/post"}],"replies":[{"embeddable":true,"href":"https:\/\/jeffersonisac.adv.br\/index.php\/wp-json\/wp\/v2\/comments?post=15934"}],"version-history":[{"count":0,"href":"https:\/\/jeffersonisac.adv.br\/index.php\/wp-json\/wp\/v2\/posts\/15934\/revisions"}],"wp:attachment":[{"href":"https:\/\/jeffersonisac.adv.br\/index.php\/wp-json\/wp\/v2\/media?parent=15934"}],"wp:term":[{"taxonomy":"category","embeddable":true,"href":"https:\/\/jeffersonisac.adv.br\/index.php\/wp-json\/wp\/v2\/categories?post=15934"},{"taxonomy":"post_tag","embeddable":true,"href":"https:\/\/jeffersonisac.adv.br\/index.php\/wp-json\/wp\/v2\/tags?post=15934"}],"curies":[{"name":"wp","href":"https:\/\/api.w.org\/{rel}","templated":true}]}}