{"id":15935,"date":"2026-03-30T16:24:58","date_gmt":"2026-03-30T19:24:58","guid":{"rendered":"https:\/\/jeffersonisac.adv.br\/index.php\/2026\/03\/30\/comissao-aprova-suspensao-de-regra-que-exclui-comunidades-terapeuticas-do-suas\/"},"modified":"2026-03-30T16:24:58","modified_gmt":"2026-03-30T19:24:58","slug":"comissao-aprova-suspensao-de-regra-que-exclui-comunidades-terapeuticas-do-suas","status":"publish","type":"post","link":"https:\/\/jeffersonisac.adv.br\/index.php\/2026\/03\/30\/comissao-aprova-suspensao-de-regra-que-exclui-comunidades-terapeuticas-do-suas\/","title":{"rendered":"Comiss\u00e3o aprova suspens\u00e3o de regra que exclui comunidades terap\u00eauticas do Suas"},"content":{"rendered":"<div class=\"image-container\">\n<div class=\"midia-creditos\"><em>Vinicius Loures \/ C\u00e2mara dos Deputados<\/em><\/div>\n<div class=\"media-wrapper\"><\/div>\n<div class=\"midia-legenda\">Deputado Pastor Sargento Isid\u00f3rio, relator do projeto<\/div>\n<\/div>\n<p>A Comiss\u00e3o de Previd\u00eancia, Assist\u00eancia Social, Inf\u00e2ncia, Adolesc\u00eancia e Fam\u00edlia da C\u00e2mara dos Deputados aprovou projeto que suspende a resolu\u00e7\u00e3o do governo federal que impede o reconhecimento de comunidades terap\u00eauticas como entidades do Sistema \u00danico de Assist\u00eancia Social (Suas). Essas comunidades atuam no acolhimento e na ressocializa\u00e7\u00e3o de dependentes de \u00e1lcool e outras drogas<span>.<\/span><\/p>\n<p>A comiss\u00e3o aprovou a vers\u00e3o do relator, deputado Pastor Sargento Isid\u00f3rio (Avante-BA), para o Projeto de Decreto Legislativo 297\/24, da deputada Clarissa T\u00e9rcio (PP-PE)<span>, e o <span class=\"termoGlossario\">apensado<\/span> PDL 327\/24. O relator concordou com os autores e tamb\u00e9m defendeu que a <\/span>Resolu\u00e7\u00e3o 151\/24, do Conselho Nacional de Assist\u00eancia Social (CNAS) e do Minist\u00e9rio do Desenvolvimento e Assist\u00eancia Social, Fam\u00edlia e Combate \u00e0 Fome<span> (MDS), foi al\u00e9m do poder de regulamentar as leis.<\/span><\/p>\n<p>\u201cA resolu\u00e7\u00e3o exorbitou de seu poder regulamentar ao excluir, de modo amplo e sem qualquer distin\u00e7\u00e3o ou possibilidade de an\u00e1lise no caso concreto, todas as comunidades terap\u00eauticas do SUAS [Sistema \u00danico de Assist\u00eancia Social]&#8221;,\u00a0disse o relator.<\/p>\n<p>Ele argumentou que a legisla\u00e7\u00e3o atual (<a class=\"linkLegislacao\" href=\"https:\/\/www2.camara.gov.br\/legin\/fed\/leicom\/2021\/leicomplementar-187-16-dezembro-2021-792101-norma-pl.html\">Lei Complementar 187\/21<\/a>) permite a certifica\u00e7\u00e3o dessas comunidades como entidades de pol\u00edticas sobre drogas na assist\u00eancia social.<\/p>\n<p>\u201cEssas comunidades terap\u00eauticas exercem um relevante trabalho social e, portanto, somente poderiam ser exclu\u00eddas, caso a caso, se deixassem de cumprir com seus objetivos\u201d, concluiu.<\/p>\n<p>A Resolu\u00e7\u00e3o CNAS 151\/24 excluiu as comunidades terap\u00eauticas e entidades para dependentes de drogas do SUAS com os seguintes argumentos:<\/p>\n<p>n\u00e3o protegem direitos da Lei Org\u00e2nica da Assist\u00eancia Social (Loas);<br \/>\nsua certifica\u00e7\u00e3o beneficente n\u00e3o \u00e9 obrigat\u00f3ria para a rede; e<br \/>\nn\u00e3o se enquadram em outras resolu\u00e7\u00f5es do CNAS (109\/09, 27\/11, 33\/11 e 34\/11).<\/p>\n<p><strong>Pr\u00f3ximas etapas<br \/>\n<\/strong>A proposta ser\u00e1 ainda analisada pelas comiss\u00f5es de Sa\u00fade; e de Constitui\u00e7\u00e3o e Justi\u00e7a e de Cidadania. Depois, segue para o Plen\u00e1rio. Para virar lei, o texto deve ser aprovado pela C\u00e2mara e pelo Senado.<\/p>\n<p><a href=\"https:\/\/www.camara.leg.br\/noticias\/606437-conheca-a-tramitacao-de-projetos-de-decreto-legislativo\/\">Conhe\u00e7a a tramita\u00e7\u00e3o de projetos de decreto legislativo<\/a><\/p>","protected":false},"excerpt":{"rendered":"<p>Vinicius Loures \/ C\u00e2mara dos Deputados Deputado Pastor Sargento Isid\u00f3rio, relator do projeto A Comiss\u00e3o de Previd\u00eancia, Assist\u00eancia Social, Inf\u00e2ncia, Adolesc\u00eancia e Fam\u00edlia da C\u00e2mara dos Deputados aprovou projeto que suspende a resolu\u00e7\u00e3o do governo federal que impede o reconhecimento de comunidades terap\u00eauticas como entidades do Sistema \u00danico de Assist\u00eancia Social (Suas). Essas comunidades atuam [&hellip;]<\/p>\n","protected":false},"author":0,"featured_media":0,"comment_status":"open","ping_status":"open","sticky":false,"template":"","format":"standard","meta":{"footnotes":""},"categories":[1],"tags":[],"_links":{"self":[{"href":"https:\/\/jeffersonisac.adv.br\/index.php\/wp-json\/wp\/v2\/posts\/15935"}],"collection":[{"href":"https:\/\/jeffersonisac.adv.br\/index.php\/wp-json\/wp\/v2\/posts"}],"about":[{"href":"https:\/\/jeffersonisac.adv.br\/index.php\/wp-json\/wp\/v2\/types\/post"}],"replies":[{"embeddable":true,"href":"https:\/\/jeffersonisac.adv.br\/index.php\/wp-json\/wp\/v2\/comments?post=15935"}],"version-history":[{"count":0,"href":"https:\/\/jeffersonisac.adv.br\/index.php\/wp-json\/wp\/v2\/posts\/15935\/revisions"}],"wp:attachment":[{"href":"https:\/\/jeffersonisac.adv.br\/index.php\/wp-json\/wp\/v2\/media?parent=15935"}],"wp:term":[{"taxonomy":"category","embeddable":true,"href":"https:\/\/jeffersonisac.adv.br\/index.php\/wp-json\/wp\/v2\/categories?post=15935"},{"taxonomy":"post_tag","embeddable":true,"href":"https:\/\/jeffersonisac.adv.br\/index.php\/wp-json\/wp\/v2\/tags?post=15935"}],"curies":[{"name":"wp","href":"https:\/\/api.w.org\/{rel}","templated":true}]}}