{"id":15937,"date":"2026-03-30T17:29:02","date_gmt":"2026-03-30T20:29:02","guid":{"rendered":"https:\/\/jeffersonisac.adv.br\/index.php\/2026\/03\/30\/comissao-aprova-incluir-combate-a-violencia-domestica-em-programa-de-saude-de-policiais\/"},"modified":"2026-03-30T17:29:02","modified_gmt":"2026-03-30T20:29:02","slug":"comissao-aprova-incluir-combate-a-violencia-domestica-em-programa-de-saude-de-policiais","status":"publish","type":"post","link":"https:\/\/jeffersonisac.adv.br\/index.php\/2026\/03\/30\/comissao-aprova-incluir-combate-a-violencia-domestica-em-programa-de-saude-de-policiais\/","title":{"rendered":"Comiss\u00e3o aprova incluir combate \u00e0 viol\u00eancia dom\u00e9stica em programa de sa\u00fade de policiais"},"content":{"rendered":"<div class=\"image-container\">\n<div class=\"midia-creditos\"><em>Vinicius Loures \/ C\u00e2mara dos Deputados<\/em><\/div>\n<div class=\"media-wrapper\"><\/div>\n<div class=\"midia-legenda\">Rog\u00e9ria Santos considerou a medida um avan\u00e7o no combate \u00e0 viol\u00eancia dom\u00e9stica e familiar<\/div>\n<\/div>\n<p>A Comiss\u00e3o de Previd\u00eancia, Assist\u00eancia Social, Inf\u00e2ncia, Adolesc\u00eancia e Fam\u00edlia da C\u00e2mara dos Deputados aprovou o Projeto de Lei 2615\/24, do deputado Aureo Ribeiro (Solidariedade-RJ), que inclui o enfrentamento \u00e0 viol\u00eancia dom\u00e9stica e familiar entre as diretrizes de programas de aten\u00e7\u00e3o psicossocial e de sa\u00fade no trabalho dos profissionais de seguran\u00e7a p\u00fablica e defesa social.<\/p>\n<p>O texto altera a <a class=\"linkLegislacao\" href=\"https:\/\/www2.camara.gov.br\/legin\/fed\/lei\/2018\/lei-13675-11-junho-2018-786843-norma-pl.html\">Lei 13.675\/18<\/a>, que criou o programa Pr\u00f3-Vida, voltado \u00e0 preven\u00e7\u00e3o da viol\u00eancia autoprovocada e do suic\u00eddio entre profissionais de seguran\u00e7a p\u00fablica. Com a mudan\u00e7a, o programa passar\u00e1 a produzir tamb\u00e9m diretrizes direcionadas \u00e0 preven\u00e7\u00e3o da viol\u00eancia dom\u00e9stica e familiar.<\/p>\n<p>Segundo a proposta, o Minist\u00e9rio da Justi\u00e7a e Seguran\u00e7a P\u00fablica divulgar\u00e1, em conjunto com a Rede Nacional de Qualidade de Vida para os Profissionais de Seguran\u00e7a P\u00fablica (Rede Pr\u00f3-Vida), diretrizes de preven\u00e7\u00e3o e de atendimento dos casos de emerg\u00eancia psiqui\u00e1trica que envolvam viol\u00eancia dom\u00e9stica e familiar por parte dos profissionais de seguran\u00e7a p\u00fablica.<\/p>\n<p><strong>Atendimento obrigat\u00f3rio<\/strong><br \/>\nO projeto estabelece que, em casos de viol\u00eancia dom\u00e9stica e familiar constatadas com base na <a class=\"linkLegislacao\" href=\"https:\/\/www2.camara.gov.br\/legin\/fed\/lei\/2006\/lei-11340-7-agosto-2006-545133-norma-pl.html\">Lei Maria da Penha<\/a> ou no <a class=\"linkLegislacao\" href=\"https:\/\/www2.camara.gov.br\/legin\/fed\/lei\/1990\/lei-8069-13-julho-1990-372211-norma-pl.html\">Estatuto da Crian\u00e7a e do Adolescente<\/a>, a participa\u00e7\u00e3o em programas de reeduca\u00e7\u00e3o ser\u00e1 obrigat\u00f3ria. Atualmente, o atendimento no Pr\u00f3-Vida n\u00e3o \u00e9 compuls\u00f3rio.<\/p>\n<p>A proposta determina ainda o desenvolvimento de programas de preven\u00e7\u00e3o contra a viol\u00eancia dom\u00e9stica e familiar, por meio de atendimento psiqui\u00e1trico, de n\u00facleos terap\u00eauticos de apoio e de divulga\u00e7\u00e3o de informa\u00e7\u00f5es sobre o assunto.<\/p>\n<div class=\"image-container\">\n<div class=\"midia-creditos\"><em>Bruno Spada\/C\u00e2mara dos Deputados<\/em><\/div>\n<div class=\"media-wrapper\"><\/div>\n<div class=\"midia-legenda\">Aureo Ribeiro destacou que profissionais de seguran\u00e7a p\u00fablica est\u00e3o mais vulner\u00e1veis a transtornos mentais<\/div>\n<\/div>\n<p><strong>Vulner\u00e1veis<\/strong><br \/>\nNa justificativa, Ribeiro destaca que profissionais de seguran\u00e7a p\u00fablica est\u00e3o expostos a situa\u00e7\u00f5es de alto risco e estresse, o que os torna mais vulner\u00e1veis a transtornos mentais. Estudos citados por ele indicam que a preval\u00eancia de transtornos mentais comuns, como depress\u00e3o e ansiedade, \u00e9 significativamente maior entre policiais do que na popula\u00e7\u00e3o em geral.<\/p>\n<p>&#8220;Viver sob n\u00edveis elevados de estresse pode aumentar significativamente o risco de comportamentos violentos nas rela\u00e7\u00f5es dom\u00e9sticas e familiares&#8221;, afirmou.<\/p>\n<p>Para a relatora, deputada Rog\u00e9ria Santos (Republicanos-BA), o projeto inova ao incluir o enfrentamento \u00e0 viol\u00eancia dom\u00e9stica e familiar entre as diretrizes dos programas de aten\u00e7\u00e3o psicossocial e de sa\u00fade no trabalho voltados aos profissionais da seguran\u00e7a p\u00fablica.<\/p>\n<p>&#8220;A proposta promove um avan\u00e7o institucional ao reconhecer de forma ampla que a viol\u00eancia dom\u00e9stica deve ser tema dos programas de aten\u00e7\u00e3o psicossocial e de sa\u00fade no trabalho dos profissionais de seguran\u00e7a p\u00fablica e defesa social&#8221;, disse.<\/p>\n<p><strong>Pr\u00f3ximos passos<\/strong><br \/>\nA proposta ainda ser\u00e1 analisada, em <span class=\"termoGlossario\">car\u00e1ter conclusivo<\/span>, pelas comiss\u00f5es de Seguran\u00e7a P\u00fablica e Combate ao Crime Organizado; e de Constitui\u00e7\u00e3o e Justi\u00e7a e de Cidadania. Para virar lei, precisa se aprovada por C\u00e2mara e Senado.<\/p>\n<p><a href=\"https:\/\/www.camara.leg.br\/noticias\/606437-conheca-a-tramitacao-de-projetos-de-decreto-legislativo\/\">Saiba mais sobre a tramita\u00e7\u00e3o de projetos de lei<\/a><\/p>","protected":false},"excerpt":{"rendered":"<p>Vinicius Loures \/ C\u00e2mara dos Deputados Rog\u00e9ria Santos considerou a medida um avan\u00e7o no combate \u00e0 viol\u00eancia dom\u00e9stica e familiar A Comiss\u00e3o de Previd\u00eancia, Assist\u00eancia Social, Inf\u00e2ncia, Adolesc\u00eancia e Fam\u00edlia da C\u00e2mara dos Deputados aprovou o Projeto de Lei 2615\/24, do deputado Aureo Ribeiro (Solidariedade-RJ), que inclui o enfrentamento \u00e0 viol\u00eancia dom\u00e9stica e familiar entre [&hellip;]<\/p>\n","protected":false},"author":0,"featured_media":0,"comment_status":"open","ping_status":"open","sticky":false,"template":"","format":"standard","meta":{"footnotes":""},"categories":[1],"tags":[],"_links":{"self":[{"href":"https:\/\/jeffersonisac.adv.br\/index.php\/wp-json\/wp\/v2\/posts\/15937"}],"collection":[{"href":"https:\/\/jeffersonisac.adv.br\/index.php\/wp-json\/wp\/v2\/posts"}],"about":[{"href":"https:\/\/jeffersonisac.adv.br\/index.php\/wp-json\/wp\/v2\/types\/post"}],"replies":[{"embeddable":true,"href":"https:\/\/jeffersonisac.adv.br\/index.php\/wp-json\/wp\/v2\/comments?post=15937"}],"version-history":[{"count":0,"href":"https:\/\/jeffersonisac.adv.br\/index.php\/wp-json\/wp\/v2\/posts\/15937\/revisions"}],"wp:attachment":[{"href":"https:\/\/jeffersonisac.adv.br\/index.php\/wp-json\/wp\/v2\/media?parent=15937"}],"wp:term":[{"taxonomy":"category","embeddable":true,"href":"https:\/\/jeffersonisac.adv.br\/index.php\/wp-json\/wp\/v2\/categories?post=15937"},{"taxonomy":"post_tag","embeddable":true,"href":"https:\/\/jeffersonisac.adv.br\/index.php\/wp-json\/wp\/v2\/tags?post=15937"}],"curies":[{"name":"wp","href":"https:\/\/api.w.org\/{rel}","templated":true}]}}