{"id":15938,"date":"2026-03-30T18:28:04","date_gmt":"2026-03-30T21:28:04","guid":{"rendered":"https:\/\/jeffersonisac.adv.br\/index.php\/2026\/03\/30\/motta-destaca-avancos-na-educacao-e-reforca-papel-da-camara-em-projetos-do-setor\/"},"modified":"2026-03-30T18:28:04","modified_gmt":"2026-03-30T21:28:04","slug":"motta-destaca-avancos-na-educacao-e-reforca-papel-da-camara-em-projetos-do-setor","status":"publish","type":"post","link":"https:\/\/jeffersonisac.adv.br\/index.php\/2026\/03\/30\/motta-destaca-avancos-na-educacao-e-reforca-papel-da-camara-em-projetos-do-setor\/","title":{"rendered":"Motta destaca avan\u00e7os na educa\u00e7\u00e3o e refor\u00e7a papel da C\u00e2mara em projetos do setor"},"content":{"rendered":"<div class=\"image-container\">\n<div class=\"midia-creditos\"><em>Marina Ramos\/C\u00e2mara dos Deputados<\/em><\/div>\n<div class=\"media-wrapper\"><\/div>\n<div class=\"midia-legenda\">O presidente da C\u00e2mara, Hugo Motta (D), participou de evento com o presidente Lula<\/div>\n<\/div>\n<p>O presidente da C\u00e2mara dos Deputados, Hugo Motta (Republicanos-PB), destacou avan\u00e7os na educa\u00e7\u00e3o e a import\u00e2ncia dos professores durante evento nesta segunda-feira (30) para a entrega de 107 obras no pa\u00eds.<\/p>\n<p>No evento, com o presidente Luiz In\u00e1cio Lula da Silva, foram entregues 18 creches, 23 escolas de tempo integral, 43 obras em 12 institutos federais, 10 obras em nove universidades e 13 obras em 11 hospitais universit\u00e1rios.<\/p>\n<p>Tamb\u00e9m houve o an\u00fancio de que 99 mil escolas p\u00fablicas j\u00e1 t\u00eam internet de qualidade para atividades escolares.<\/p>\n<p>\u201cCelebramos a chegada de oportunidades a institui\u00e7\u00f5es de ensino, de Norte a Sul, do campo \u00e0 cidade. Cada escola com internet de qualidade refor\u00e7a o compromisso de que nenhuma estudante e nenhum estudante fique offline do futuro\u201d, disse Hugo Motta.<\/p>\n<p><strong>Prioridade para professores<br \/>\n<\/strong>Para Motta, o Brasil passou por uma reestrutura\u00e7\u00e3o importante da educa\u00e7\u00e3o nos \u00faltimos quatro anos, e o tema \u00e9 uma das prioridades da C\u00e2mara dos Deputados.<\/p>\n<p>\u201cN\u00e3o se faz educa\u00e7\u00e3o sem professor e professora. Por isso, aprovamos a lei da <a href=\"https:\/\/www2.camara.gov.br\/legin\/fed\/lei\/2025\/lei-15202-11-setembro-2025-797961-norma-pl.html\">Carteira Nacional Docente<\/a>, que valoriza esses profissionais, e a <a href=\"https:\/\/www2.camara.leg.br\/legin\/fed\/lei\/2026\/lei-15344-12-janeiro-2026-798655-publicacaooriginal-177757-pl.html\">Pol\u00edtica Nacional de Indu\u00e7\u00e3o \u00e0 Doc\u00eancia<\/a>, para atrair e manter docentes na sala de aula\u201d, afirmou.<\/p>\n<p>Motta lembrou que o Congresso tamb\u00e9m aprovou o novo <a href=\"https:\/\/infograficos.camara.leg.br\/pne-2024-2034\/\">Plano Nacional de Educa\u00e7\u00e3o<\/a> no ano passado, com metas de conectividade, ensino em tempo integral e financiamento.<\/p>\n<p>Segundo ele, o <a href=\"https:\/\/www2.camara.gov.br\/legin\/fed\/leicom\/2025\/leicomplementar-220-31-outubro-2025-798216-norma-pl.html\">Sistema Nacional de Educa\u00e7\u00e3o<\/a> foi consolidado em lei, com integra\u00e7\u00e3o entre Uni\u00e3o, estados e munic\u00edpios.<\/p>\n<p>O presidente da C\u00e2mara tamb\u00e9m destacou a lei que muda as regras para escolher reitores de universidades federais, ao prever a nomea\u00e7\u00e3o do candidato mais votado pela comunidade acad\u00eamica. \u201cA medida traz mais autonomia e independ\u00eancia \u00e0s institui\u00e7\u00f5es\u201d, afirmou.<\/p>\n<p><strong>Expans\u00e3o e apoio \u00e0 ci\u00eancia<br \/>\n<\/strong>Motta citou ainda a cria\u00e7\u00e3o do Instituto Federal do Sert\u00e3o Paraibano, que amplia o acesso ao ensino t\u00e9cnico e superior.<\/p>\n<p>Ele tamb\u00e9m lembrou a aprova\u00e7\u00e3o de proposta que garante contribui\u00e7\u00e3o previdenci\u00e1ria a bolsistas de p\u00f3s-gradua\u00e7\u00e3o, com o objetivo de fortalecer a ci\u00eancia no pa\u00eds.<\/p>\n<p>\u201cS\u00f3 com educa\u00e7\u00e3o teremos um pa\u00eds com mais oportunidades\u201d, afirmou.<\/p>\n<p><a href=\"https:\/\/www.camara.leg.br\/noticias\/1234955-retrospectiva-2025-camara-aprova-plano-nacional-de-educacao-e-amplia-investimentos-para-10-do-pib\/\">Confira as propostas aprovadas pela C\u00e2mara em 2025 na \u00e1rea de Educa\u00e7\u00e3o<\/a><\/p>","protected":false},"excerpt":{"rendered":"<p>Marina Ramos\/C\u00e2mara dos Deputados O presidente da C\u00e2mara, Hugo Motta (D), participou de evento com o presidente Lula O presidente da C\u00e2mara dos Deputados, Hugo Motta (Republicanos-PB), destacou avan\u00e7os na educa\u00e7\u00e3o e a import\u00e2ncia dos professores durante evento nesta segunda-feira (30) para a entrega de 107 obras no pa\u00eds. No evento, com o presidente Luiz [&hellip;]<\/p>\n","protected":false},"author":0,"featured_media":0,"comment_status":"open","ping_status":"open","sticky":false,"template":"","format":"standard","meta":{"footnotes":""},"categories":[1],"tags":[],"_links":{"self":[{"href":"https:\/\/jeffersonisac.adv.br\/index.php\/wp-json\/wp\/v2\/posts\/15938"}],"collection":[{"href":"https:\/\/jeffersonisac.adv.br\/index.php\/wp-json\/wp\/v2\/posts"}],"about":[{"href":"https:\/\/jeffersonisac.adv.br\/index.php\/wp-json\/wp\/v2\/types\/post"}],"replies":[{"embeddable":true,"href":"https:\/\/jeffersonisac.adv.br\/index.php\/wp-json\/wp\/v2\/comments?post=15938"}],"version-history":[{"count":0,"href":"https:\/\/jeffersonisac.adv.br\/index.php\/wp-json\/wp\/v2\/posts\/15938\/revisions"}],"wp:attachment":[{"href":"https:\/\/jeffersonisac.adv.br\/index.php\/wp-json\/wp\/v2\/media?parent=15938"}],"wp:term":[{"taxonomy":"category","embeddable":true,"href":"https:\/\/jeffersonisac.adv.br\/index.php\/wp-json\/wp\/v2\/categories?post=15938"},{"taxonomy":"post_tag","embeddable":true,"href":"https:\/\/jeffersonisac.adv.br\/index.php\/wp-json\/wp\/v2\/tags?post=15938"}],"curies":[{"name":"wp","href":"https:\/\/api.w.org\/{rel}","templated":true}]}}