{"id":15940,"date":"2026-03-30T19:24:46","date_gmt":"2026-03-30T22:24:46","guid":{"rendered":"https:\/\/jeffersonisac.adv.br\/index.php\/2026\/03\/30\/projeto-garante-adicional-de-insalubridade-e-periculosidade-a-professores\/"},"modified":"2026-03-30T19:24:46","modified_gmt":"2026-03-30T22:24:46","slug":"projeto-garante-adicional-de-insalubridade-e-periculosidade-a-professores","status":"publish","type":"post","link":"https:\/\/jeffersonisac.adv.br\/index.php\/2026\/03\/30\/projeto-garante-adicional-de-insalubridade-e-periculosidade-a-professores\/","title":{"rendered":"Projeto garante adicional de insalubridade e periculosidade a professores"},"content":{"rendered":"<div class=\"image-container\">\n<div class=\"midia-creditos\"><em>Kayo Magalh\u00e3es \/ C\u00e2mara dos Deputados<\/em><\/div>\n<div class=\"media-wrapper\"><\/div>\n<div class=\"midia-legenda\">Dr. Fernando M\u00e1ximo, autor da proposa<\/div>\n<\/div>\n<p>O Projeto de Lei 5264\/25, do deputado Dr. Fernando M\u00e1ximo (Uni\u00e3o-RO), garante aos profissionais do magist\u00e9rio da educa\u00e7\u00e3o b\u00e1sica (da creche ao ensino m\u00e9dio) direito a adicionais de insalubridade e\/ou periculosidade.<\/p>\n<p>O adicional de insalubridade ser\u00e1 devido em casos de exposi\u00e7\u00e3o a ambientes com potencial risco \u00e0 sa\u00fade, como cont\u00e1gio viral e bacteriano em massa, comum em creches. Al\u00e9m disso, ambientes com n\u00edveis de estresse ou ru\u00eddos excessivos, comprovados por per\u00edcia, tamb\u00e9m ser\u00e3o causa para o adicional.<\/p>\n<p>Segundo M\u00e1ximo, o adicional se justifica pela exposi\u00e7\u00e3o cont\u00ednua e massiva dos docentes a riscos biol\u00f3gicos, particularmente agudos ambientes de creche e educa\u00e7\u00e3o infantil. &#8220;O ambiente de sala de aula \u00e9 um espa\u00e7o fechado de grande concentra\u00e7\u00e3o de pessoas, um risco que se tornou not\u00f3rio ap\u00f3s a pandemia de Covid-19&#8221;, disse.<\/p>\n<p>Al\u00e9m disso, a insalubridade \u00e9 agravada pelo ambiente de trabalho com ru\u00eddo excessivo e press\u00e3o constante, de acordo com o deputado.<\/p>\n<p><strong>Periculosidade<\/strong><br \/>\nJ\u00e1 o adicional de periculosidade valer\u00e1 em situa\u00e7\u00f5es de risco imediato \u00e0 vida, como viol\u00eancia escolar, agress\u00f5es f\u00edsicas e verbais ou atividades em \u00e1reas de comprovada inseguran\u00e7a. &#8220;\u00c9 uma resposta urgente ao alarmante aumento da viol\u00eancia escolar, um problema que afeta dramaticamente os professores do ensino m\u00e9dio&#8221;, afirmou M\u00e1ximo.<\/p>\n<p>De acordo com o deputado, os riscos f\u00edsicos e biol\u00f3gicos, somados \u00e0 sobrecarga emocional e \u00e0 press\u00e3o por resultados, t\u00eam levado milhares de educadores ao esgotamento mental (burnout), ao absente\u00edsmo e, consequentemente, ao abandono da carreira. &#8220;Esta lei cumpre o papel do Estado de proteger a sa\u00fade<br \/>\ndo trabalhador e valorizar os profissionais que atuam na linha de frente da educa\u00e7\u00e3o.&#8221;<\/p>\n<p><strong>Pr\u00f3ximos passos<\/strong><br \/>\nA proposta ser\u00e1 analisada, em <span class=\"termoGlossario\">car\u00e1ter conclusivo<\/span>, pelas comiss\u00f5es de Trabalho; de Educa\u00e7\u00e3o; de Finan\u00e7as e Tributa\u00e7\u00e3o; e de Constitui\u00e7\u00e3o e Justi\u00e7a e de Cidadania.<\/p>\n<p><a href=\"https:\/\/www.camara.leg.br\/noticias\/573454-SAIBA-MAIS-SOBRE-A-TRAMITACAO-DE-PROJETOS-DE-LEI\">Saiba mais sobre a tramita\u00e7\u00e3o de projetos de lei<\/a><\/p>","protected":false},"excerpt":{"rendered":"<p>Kayo Magalh\u00e3es \/ C\u00e2mara dos Deputados Dr. Fernando M\u00e1ximo, autor da proposa O Projeto de Lei 5264\/25, do deputado Dr. Fernando M\u00e1ximo (Uni\u00e3o-RO), garante aos profissionais do magist\u00e9rio da educa\u00e7\u00e3o b\u00e1sica (da creche ao ensino m\u00e9dio) direito a adicionais de insalubridade e\/ou periculosidade. O adicional de insalubridade ser\u00e1 devido em casos de exposi\u00e7\u00e3o a ambientes [&hellip;]<\/p>\n","protected":false},"author":0,"featured_media":0,"comment_status":"open","ping_status":"open","sticky":false,"template":"","format":"standard","meta":{"footnotes":""},"categories":[1],"tags":[],"_links":{"self":[{"href":"https:\/\/jeffersonisac.adv.br\/index.php\/wp-json\/wp\/v2\/posts\/15940"}],"collection":[{"href":"https:\/\/jeffersonisac.adv.br\/index.php\/wp-json\/wp\/v2\/posts"}],"about":[{"href":"https:\/\/jeffersonisac.adv.br\/index.php\/wp-json\/wp\/v2\/types\/post"}],"replies":[{"embeddable":true,"href":"https:\/\/jeffersonisac.adv.br\/index.php\/wp-json\/wp\/v2\/comments?post=15940"}],"version-history":[{"count":0,"href":"https:\/\/jeffersonisac.adv.br\/index.php\/wp-json\/wp\/v2\/posts\/15940\/revisions"}],"wp:attachment":[{"href":"https:\/\/jeffersonisac.adv.br\/index.php\/wp-json\/wp\/v2\/media?parent=15940"}],"wp:term":[{"taxonomy":"category","embeddable":true,"href":"https:\/\/jeffersonisac.adv.br\/index.php\/wp-json\/wp\/v2\/categories?post=15940"},{"taxonomy":"post_tag","embeddable":true,"href":"https:\/\/jeffersonisac.adv.br\/index.php\/wp-json\/wp\/v2\/tags?post=15940"}],"curies":[{"name":"wp","href":"https:\/\/api.w.org\/{rel}","templated":true}]}}