{"id":15945,"date":"2026-03-31T12:25:42","date_gmt":"2026-03-31T15:25:42","guid":{"rendered":"https:\/\/jeffersonisac.adv.br\/index.php\/2026\/03\/31\/comissao-aprova-o-reconhecimento-da-marcha-para-jesus-como-bem-cultural-do-pais\/"},"modified":"2026-03-31T12:25:42","modified_gmt":"2026-03-31T15:25:42","slug":"comissao-aprova-o-reconhecimento-da-marcha-para-jesus-como-bem-cultural-do-pais","status":"publish","type":"post","link":"https:\/\/jeffersonisac.adv.br\/index.php\/2026\/03\/31\/comissao-aprova-o-reconhecimento-da-marcha-para-jesus-como-bem-cultural-do-pais\/","title":{"rendered":"Comiss\u00e3o aprova o reconhecimento da Marcha para Jesus como bem cultural do pa\u00eds"},"content":{"rendered":"<div class=\"image-container\">\n<div class=\"midia-creditos\"><em>Renato Ara\u00fajo\/C\u00e2mara dos Deputados<\/em><\/div>\n<div class=\"media-wrapper\"><\/div>\n<div class=\"midia-legenda\">Pastor Sargento Isid\u00f3rio, autor do projeto<\/div>\n<\/div>\n<p>A Comiss\u00e3o de Constitui\u00e7\u00e3o e Justi\u00e7a e de Cidadania da C\u00e2mara dos Deputados aprovou projeto de lei que reconhece a Marcha para Jesus como &#8220;bem cultural imaterial da na\u00e7\u00e3o brasileira&#8221; e autoriza a destina\u00e7\u00e3o de recursos p\u00fablicos municipais, estaduais, distritais e federais para a realiza\u00e7\u00e3o de eventos gospel em todo o pa\u00eds (PL 2179\/19).<\/p>\n<p>A proposta j\u00e1 havia sido aprovada pela Comiss\u00e3o de Cultura e segue agora para an\u00e1lise do Senado Federal.<\/p>\n<p>Segundo o autor do projeto, deputado Pastor Sargento Isid\u00f3rio (Avante-BA), a medida busca reconhecer a relev\u00e2ncia social, cultural, econ\u00f4mica e tur\u00edstica das manifesta\u00e7\u00f5es religiosas crist\u00e3s no Brasil. O parlamentar citou que a Marcha para Jesus j\u00e1 integra o calend\u00e1rio oficial do pa\u00eds desde a san\u00e7\u00e3o da Lei 12.025, de 2009.<\/p>\n<p>O deputado argumenta que eventos crist\u00e3os evang\u00e9licos e cat\u00f3licos contribuem para a mobiliza\u00e7\u00e3o social, oferecem conforto espiritual e geram empregos tempor\u00e1rios, al\u00e9m de impulsionar o com\u00e9rcio e o turismo religioso.<\/p>\n<p>Para virar lei, o projeto precisa ser aprovado pelo Senado e sancionado pelo presidente da Rep\u00fablica.<\/p>\n<p><strong>Hist\u00f3rico do evento<\/strong><br \/>\nRealizada pela primeira vez em 12 de junho de 1993, em S\u00e3o Paulo, a Marcha para Jesus se consolidou como um dos principais eventos crist\u00e3os do pa\u00eds. Segundo os organizadores, a manifesta\u00e7\u00e3o ocorre em todos os estados brasileiros e re\u00fane milhares de participantes em celebra\u00e7\u00f5es com m\u00fasica e express\u00f5es de f\u00e9.<\/p>","protected":false},"excerpt":{"rendered":"<p>Renato Ara\u00fajo\/C\u00e2mara dos Deputados Pastor Sargento Isid\u00f3rio, autor do projeto A Comiss\u00e3o de Constitui\u00e7\u00e3o e Justi\u00e7a e de Cidadania da C\u00e2mara dos Deputados aprovou projeto de lei que reconhece a Marcha para Jesus como &#8220;bem cultural imaterial da na\u00e7\u00e3o brasileira&#8221; e autoriza a destina\u00e7\u00e3o de recursos p\u00fablicos municipais, estaduais, distritais e federais para a realiza\u00e7\u00e3o [&hellip;]<\/p>\n","protected":false},"author":0,"featured_media":0,"comment_status":"open","ping_status":"open","sticky":false,"template":"","format":"standard","meta":{"footnotes":""},"categories":[1],"tags":[],"_links":{"self":[{"href":"https:\/\/jeffersonisac.adv.br\/index.php\/wp-json\/wp\/v2\/posts\/15945"}],"collection":[{"href":"https:\/\/jeffersonisac.adv.br\/index.php\/wp-json\/wp\/v2\/posts"}],"about":[{"href":"https:\/\/jeffersonisac.adv.br\/index.php\/wp-json\/wp\/v2\/types\/post"}],"replies":[{"embeddable":true,"href":"https:\/\/jeffersonisac.adv.br\/index.php\/wp-json\/wp\/v2\/comments?post=15945"}],"version-history":[{"count":0,"href":"https:\/\/jeffersonisac.adv.br\/index.php\/wp-json\/wp\/v2\/posts\/15945\/revisions"}],"wp:attachment":[{"href":"https:\/\/jeffersonisac.adv.br\/index.php\/wp-json\/wp\/v2\/media?parent=15945"}],"wp:term":[{"taxonomy":"category","embeddable":true,"href":"https:\/\/jeffersonisac.adv.br\/index.php\/wp-json\/wp\/v2\/categories?post=15945"},{"taxonomy":"post_tag","embeddable":true,"href":"https:\/\/jeffersonisac.adv.br\/index.php\/wp-json\/wp\/v2\/tags?post=15945"}],"curies":[{"name":"wp","href":"https:\/\/api.w.org\/{rel}","templated":true}]}}