{"id":15946,"date":"2026-03-31T12:25:42","date_gmt":"2026-03-31T15:25:42","guid":{"rendered":"https:\/\/jeffersonisac.adv.br\/index.php\/2026\/03\/31\/projeto-obriga-laboratorios-a-notificarem-casos-de-cancer-associado-a-exposicao-ao-amianto\/"},"modified":"2026-03-31T12:25:42","modified_gmt":"2026-03-31T15:25:42","slug":"projeto-obriga-laboratorios-a-notificarem-casos-de-cancer-associado-a-exposicao-ao-amianto","status":"publish","type":"post","link":"https:\/\/jeffersonisac.adv.br\/index.php\/2026\/03\/31\/projeto-obriga-laboratorios-a-notificarem-casos-de-cancer-associado-a-exposicao-ao-amianto\/","title":{"rendered":"Projeto obriga laborat\u00f3rios a notificarem casos de c\u00e2ncer associado \u00e0 exposi\u00e7\u00e3o ao amianto"},"content":{"rendered":"<div class=\"image-container\">\n<div class=\"midia-creditos\"><em>Kayo Magalh\u00e3es \/ C\u00e2mara dos Deputados<\/em><\/div>\n<div class=\"media-wrapper\"><\/div>\n<div class=\"midia-legenda\">Vicentinho: h\u00e1 uma invisibilidade epidemiol\u00f3gica da doen\u00e7a no pa\u00eds<\/div>\n<\/div>\n<p>O Projeto de Lei 6265\/25 obriga laborat\u00f3rios a notificar casos confirmados de mesotelioma maligno.<\/p>\n<p>Trata-se de um c\u00e2ncer raro e agressivo, geralmente associado \u00e0 exposi\u00e7\u00e3o ao amianto (material que era usado em constru\u00e7\u00f5es e \u00e9 proibido no Brasil desde 2017), que afeta o revestimento dos pulm\u00f5es ou do abd\u00f4men.<\/p>\n<p>O texto, de autoria do deputado Vicentinho (PSDB-TO), est\u00e1 em an\u00e1lise na C\u00e2mara dos Deputados. O objetivo \u00e9 ampliar o controle da doen\u00e7a no pa\u00eds.<\/p>\n<p>A proposta inclui a obriga\u00e7\u00e3o na <a class=\"linkLegislacao\" href=\"https:\/\/www2.camara.gov.br\/legin\/fed\/lei\/1970-1979\/lei-6259-30-outubro-1975-357094-norma-pl.html\">Lei 6.259\/75<\/a>, que j\u00e1 exige a notifica\u00e7\u00e3o de outras enfermidades.<\/p>\n<p><strong>Letalidade<\/strong><br \/>\nSegundo Vicentinho, mais de 90% dos pacientes morrem em menos de um ano ap\u00f3s o diagn\u00f3stico de mesotelioma maligno.<\/p>\n<p>No Brasil, dados do Sistema \u00danico de Sa\u00fade (SUS) citados pelo parlamentar indicam que 2.400 pessoas morreram em decorr\u00eancia da doen\u00e7a entre 2000 e 2011. Ele acredita, no entanto, que os casos podem estar subnotificados.<\/p>\n<p>Para o autor, a notifica\u00e7\u00e3o obrigat\u00f3ria pode gerar mais informa\u00e7\u00f5es sobre esse c\u00e2ncer e ajudar na cria\u00e7\u00e3o de a\u00e7\u00f5es de preven\u00e7\u00e3o e tratamento.<\/p>\n<p><strong>Procedimentos<\/strong><br \/>\nO profissional que emitir o laudo confirmando o diagn\u00f3stico dever\u00e1 enviar a notifica\u00e7\u00e3o. A medida vale para todos os casos, independentemente do tipo de atendimento.<\/p>\n<p>O Minist\u00e9rio da Sa\u00fade vai definir:<\/p>\n<p>prazo;<br \/>\nmeio de envio;<br \/>\nconte\u00fado m\u00ednimo;<br \/>\nforma e frequ\u00eancia das notifica\u00e7\u00f5es; e<br \/>\nregras para integra\u00e7\u00e3o e compartilhamento dos dados.<\/p>\n<p><strong>Pr\u00f3ximos passos<\/strong><br \/>\nO projeto tramita em <span class=\"termoGlossario\">car\u00e1ter conclusivo<\/span> e ser\u00e1 analisado pelas comiss\u00f5es de Sa\u00fade; e de Constitui\u00e7\u00e3o e Justi\u00e7a e de Cidadania.<\/p>\n<p>Para virar lei, a proposta precisa ser aprovada pela C\u00e2mara e pelo Senado.<\/p>\n<p><a href=\"https:\/\/www.camara.leg.br\/noticias\/573454-SAIBA-MAIS-SOBRE-A-TRAMITACAO-DE-PROJETOS-DE-LEI\">Saiba mais sobre a tramita\u00e7\u00e3o de projetos de lei<\/a><\/p>","protected":false},"excerpt":{"rendered":"<p>Kayo Magalh\u00e3es \/ C\u00e2mara dos Deputados Vicentinho: h\u00e1 uma invisibilidade epidemiol\u00f3gica da doen\u00e7a no pa\u00eds O Projeto de Lei 6265\/25 obriga laborat\u00f3rios a notificar casos confirmados de mesotelioma maligno. Trata-se de um c\u00e2ncer raro e agressivo, geralmente associado \u00e0 exposi\u00e7\u00e3o ao amianto (material que era usado em constru\u00e7\u00f5es e \u00e9 proibido no Brasil desde 2017), [&hellip;]<\/p>\n","protected":false},"author":0,"featured_media":0,"comment_status":"open","ping_status":"open","sticky":false,"template":"","format":"standard","meta":{"footnotes":""},"categories":[1],"tags":[],"_links":{"self":[{"href":"https:\/\/jeffersonisac.adv.br\/index.php\/wp-json\/wp\/v2\/posts\/15946"}],"collection":[{"href":"https:\/\/jeffersonisac.adv.br\/index.php\/wp-json\/wp\/v2\/posts"}],"about":[{"href":"https:\/\/jeffersonisac.adv.br\/index.php\/wp-json\/wp\/v2\/types\/post"}],"replies":[{"embeddable":true,"href":"https:\/\/jeffersonisac.adv.br\/index.php\/wp-json\/wp\/v2\/comments?post=15946"}],"version-history":[{"count":0,"href":"https:\/\/jeffersonisac.adv.br\/index.php\/wp-json\/wp\/v2\/posts\/15946\/revisions"}],"wp:attachment":[{"href":"https:\/\/jeffersonisac.adv.br\/index.php\/wp-json\/wp\/v2\/media?parent=15946"}],"wp:term":[{"taxonomy":"category","embeddable":true,"href":"https:\/\/jeffersonisac.adv.br\/index.php\/wp-json\/wp\/v2\/categories?post=15946"},{"taxonomy":"post_tag","embeddable":true,"href":"https:\/\/jeffersonisac.adv.br\/index.php\/wp-json\/wp\/v2\/tags?post=15946"}],"curies":[{"name":"wp","href":"https:\/\/api.w.org\/{rel}","templated":true}]}}