{"id":15947,"date":"2026-03-31T12:25:42","date_gmt":"2026-03-31T15:25:42","guid":{"rendered":"https:\/\/jeffersonisac.adv.br\/index.php\/2026\/03\/31\/projeto-cria-cadastro-positivo-para-motoristas-profissionais\/"},"modified":"2026-03-31T12:25:42","modified_gmt":"2026-03-31T15:25:42","slug":"projeto-cria-cadastro-positivo-para-motoristas-profissionais","status":"publish","type":"post","link":"https:\/\/jeffersonisac.adv.br\/index.php\/2026\/03\/31\/projeto-cria-cadastro-positivo-para-motoristas-profissionais\/","title":{"rendered":"Projeto cria cadastro positivo para motoristas profissionais"},"content":{"rendered":"<div class=\"image-container\">\n<div class=\"midia-creditos\"><em>Kayo Magalh\u00e3es\/C\u00e2mara dos Deputados<\/em><\/div>\n<div class=\"media-wrapper\"><\/div>\n<div class=\"midia-legenda\">Deputado Duda Ramos, autor da proposta<\/div>\n<\/div>\n<p>O Projeto de Lei 6860\/25 cria o Cadastro Positivo de Motoristas Profissionais, de \u00e2mbito nacional, com a finalidade de registrar indicadores objetivos relacionados \u00e0 condu\u00e7\u00e3o segura, ao hist\u00f3rico de boas pr\u00e1ticas no tr\u00e2nsito e ao desempenho operacional de motoristas que exercem atividade profissional de transporte.<\/p>\n<p>A proposta foi apresentada \u00e0 C\u00e2mara dos Deputados pelo deputado Duda Ramos (MDB-RR).<\/p>\n<p>Se autorizado pelo condutor, os dados poder\u00e3o ser compartilhados com empregadores, cooperativas, plataformas de transporte, seguradoras e institui\u00e7\u00f5es financeiras, possibilitando a concess\u00e3o de benef\u00edcios e condi\u00e7\u00f5es diferenciadas.<\/p>\n<p>De acordo com o autor, o projeto busca valorizar motoristas profissionais \u201cque transportam milh\u00f5es de passageiros, cargas de grande valor e insumos essenciais\u201d.<\/p>\n<p>\u201cA legisla\u00e7\u00e3o brasileira contempla diversos mecanismos de puni\u00e7\u00e3o, mas carece de instrumentos que promovam reconhecimento e recompensas a motoristas que apresentam desempenho exemplar\u201d, afirma Duda Ramos. \u201cO projeto tamb\u00e9m permite ao Estado utilizar dados agregados para aperfei\u00e7oar pol\u00edticas de tr\u00e2nsito, capacita\u00e7\u00e3o profissional e preven\u00e7\u00e3o de acidentes, sem violar a privacidade individual\u201d, completa.<\/p>\n<p>Atualmente, o <a href=\"https:\/\/www2.camara.leg.br\/legin\/fed\/lei\/1997\/lei-9503-23-setembro-1997-372348-norma-pl.html\">C\u00f3digo de Tr\u00e2nsito Brasileiro<\/a>\u00a0j\u00e1 inclui o Registro Nacional Positivo de Condutores (RNPC), voltado ao cadastro de condutores que n\u00e3o tenham cometido infra\u00e7\u00f5es de tr\u00e2nsito por determinado per\u00edodo.<\/p>\n<p><strong>Pr\u00f3ximos passos<\/strong><br \/>\nO projeto tramita em <span class=\"termoGlossario\">car\u00e1ter conclusivo<\/span> e ser\u00e1 analisado pelas comiss\u00f5es de Via\u00e7\u00e3o e Transportes; de Finan\u00e7as e Tributa\u00e7\u00e3o; e de Constitui\u00e7\u00e3o e Justi\u00e7a e de Cidadania. Se for aprovado na C\u00e2mara, seguir\u00e1 para o Senado.<\/p>\n<p><a href=\"https:\/\/www.camara.leg.br\/noticias\/573454-SAIBA-MAIS-SOBRE-A-TRAMITACAO-DE-PROJETOS-DE-LEI\">Saiba mais sobre a tramita\u00e7\u00e3o de projetos de lei<\/a><\/p>","protected":false},"excerpt":{"rendered":"<p>Kayo Magalh\u00e3es\/C\u00e2mara dos Deputados Deputado Duda Ramos, autor da proposta O Projeto de Lei 6860\/25 cria o Cadastro Positivo de Motoristas Profissionais, de \u00e2mbito nacional, com a finalidade de registrar indicadores objetivos relacionados \u00e0 condu\u00e7\u00e3o segura, ao hist\u00f3rico de boas pr\u00e1ticas no tr\u00e2nsito e ao desempenho operacional de motoristas que exercem atividade profissional de transporte. [&hellip;]<\/p>\n","protected":false},"author":0,"featured_media":0,"comment_status":"open","ping_status":"open","sticky":false,"template":"","format":"standard","meta":{"footnotes":""},"categories":[1],"tags":[],"_links":{"self":[{"href":"https:\/\/jeffersonisac.adv.br\/index.php\/wp-json\/wp\/v2\/posts\/15947"}],"collection":[{"href":"https:\/\/jeffersonisac.adv.br\/index.php\/wp-json\/wp\/v2\/posts"}],"about":[{"href":"https:\/\/jeffersonisac.adv.br\/index.php\/wp-json\/wp\/v2\/types\/post"}],"replies":[{"embeddable":true,"href":"https:\/\/jeffersonisac.adv.br\/index.php\/wp-json\/wp\/v2\/comments?post=15947"}],"version-history":[{"count":0,"href":"https:\/\/jeffersonisac.adv.br\/index.php\/wp-json\/wp\/v2\/posts\/15947\/revisions"}],"wp:attachment":[{"href":"https:\/\/jeffersonisac.adv.br\/index.php\/wp-json\/wp\/v2\/media?parent=15947"}],"wp:term":[{"taxonomy":"category","embeddable":true,"href":"https:\/\/jeffersonisac.adv.br\/index.php\/wp-json\/wp\/v2\/categories?post=15947"},{"taxonomy":"post_tag","embeddable":true,"href":"https:\/\/jeffersonisac.adv.br\/index.php\/wp-json\/wp\/v2\/tags?post=15947"}],"curies":[{"name":"wp","href":"https:\/\/api.w.org\/{rel}","templated":true}]}}