{"id":15948,"date":"2026-03-31T12:25:42","date_gmt":"2026-03-31T15:25:42","guid":{"rendered":"https:\/\/jeffersonisac.adv.br\/index.php\/2026\/03\/31\/camara-discutira-formas-de-reduzir-os-indices-de-violencia-contra-mulheres\/"},"modified":"2026-03-31T12:25:42","modified_gmt":"2026-03-31T15:25:42","slug":"camara-discutira-formas-de-reduzir-os-indices-de-violencia-contra-mulheres","status":"publish","type":"post","link":"https:\/\/jeffersonisac.adv.br\/index.php\/2026\/03\/31\/camara-discutira-formas-de-reduzir-os-indices-de-violencia-contra-mulheres\/","title":{"rendered":"C\u00e2mara discutir\u00e1 formas de reduzir os \u00edndices de viol\u00eancia contra mulheres"},"content":{"rendered":"<div class=\"image-container\">\n<div class=\"midia-creditos\"><em>Kayo Magalh\u00e3es \/ C\u00e2mara dos Deputados<\/em><\/div>\n<div class=\"media-wrapper\"><\/div>\n<div class=\"midia-legenda\">Delegada Katarina: lei n\u00e3o tem sido suficiente para conter a viol\u00eancia<\/div>\n<\/div>\n<p>O combate ao feminic\u00eddio ser\u00e1 tema de uma <span class=\"termoGlossario\">comiss\u00e3o geral<\/span> no Plen\u00e1rio da C\u00e2mara dos Deputados na quarta-feira (8) da pr\u00f3xima semana. Parlamentares e especialistas v\u00e3o discutir os avan\u00e7os e as falhas que comprometem o enfrentamento da viol\u00eancia contra as mulheres.<\/p>\n<p>A 3\u00aa secret\u00e1ria da Mesa da C\u00e2mara, deputada Delegada Katarina (PSD-SE), prop\u00f4s a cria\u00e7\u00e3o de uma <span class=\"termoGlossario\">comiss\u00e3o externa<\/span> para investigar e sugerir medidas legislativas e administrativas diante do aumento dos casos de feminic\u00eddio no pa\u00eds.<\/p>\n<p>\u201cA lei que tipificou o feminic\u00eddio \u00e9 um avan\u00e7o significativo, mas os dados demonstram que sua exist\u00eancia, por si s\u00f3, n\u00e3o tem sido suficiente para conter a escalada da viol\u00eancia&#8221;, disse Delegada Katarina.<\/p>\n<p>A cria\u00e7\u00e3o da comiss\u00e3o externa, segundo ela, seria &#8220;um instrumento concreto de a\u00e7\u00e3o pol\u00edtica diante de uma realidade que exige urg\u00eancia, compromisso e responsabilidade institucional\u201d.<\/p>\n<p>Delegada Katarina informou que j\u00e1 discutiu o tema com o presidente da C\u00e2mara, Hugo Motta (Republicanos-PB), para que a proposta entre na pauta do Plen\u00e1rio.<\/p>\n<p><strong>Aumento dos casos<\/strong><br \/>\nSegundo a parlamentar, a comiss\u00e3o externa \u00e9 uma resposta ao crescimento do n\u00famero de feminic\u00eddios registrados pela imprensa e por institui\u00e7\u00f5es p\u00fablicas, o que indica o agravamento da viol\u00eancia contra a mulher.<\/p>\n<p>\u201cEm 48 horas, no meu estado [Sergipe], foram registrados tr\u00eas feminic\u00eddios e uma tentativa de feminic\u00eddio. Esse padr\u00e3o aponta para uma emerg\u00eancia permanente, que exige resposta institucional proporcional \u00e0 sua gravidade\u201d, afirmou.<\/p>\n<p>A comiss\u00e3o externa dever\u00e1:<\/p>\n<p>avaliar pol\u00edticas p\u00fablicas de enfrentamento \u00e0 viol\u00eancia contra a mulher;<br \/>\ninvestigar falhas institucionais;<br \/>\nmonitorar a evolu\u00e7\u00e3o dos casos;<br \/>\narticular o di\u00e1logo entre diferentes \u00f3rg\u00e3os e esferas de poder; e<br \/>\npropor medidas legislativas e administrativas para reduzir os feminic\u00eddios.<\/p>\n<p><strong>N\u00fameros do feminic\u00eddio<\/strong><br \/>\nDados do Relat\u00f3rio Anual de Feminic\u00eddios no Brasil 2025, elaborado pelo Laborat\u00f3rio de Estudos de Feminic\u00eddios da Universidade Estadual de Londrina (Lesfem\/UEL), apontam aumento dos casos no pa\u00eds e subnotifica\u00e7\u00e3o nas bases de dados oficiais.<\/p>\n<p>O Brasil registrou 6.904 v\u00edtimas de feminic\u00eddio consumado e tentado em 2025 \u2013\u00a0 um aumento de 34% em rela\u00e7\u00e3o a 2024, quando houve 5.150 v\u00edtimas. Foram 4.755 tentativas e 2.149 assassinatos, o equivalente a quase seis (5,89) mulheres mortas por dia no pa\u00eds.<\/p>\n<p>\u00a0<\/p>\n<div><\/div>\n<p>\u00a0<\/p>","protected":false},"excerpt":{"rendered":"<p>Kayo Magalh\u00e3es \/ C\u00e2mara dos Deputados Delegada Katarina: lei n\u00e3o tem sido suficiente para conter a viol\u00eancia O combate ao feminic\u00eddio ser\u00e1 tema de uma comiss\u00e3o geral no Plen\u00e1rio da C\u00e2mara dos Deputados na quarta-feira (8) da pr\u00f3xima semana. Parlamentares e especialistas v\u00e3o discutir os avan\u00e7os e as falhas que comprometem o enfrentamento da viol\u00eancia [&hellip;]<\/p>\n","protected":false},"author":0,"featured_media":0,"comment_status":"open","ping_status":"open","sticky":false,"template":"","format":"standard","meta":{"footnotes":""},"categories":[1],"tags":[],"_links":{"self":[{"href":"https:\/\/jeffersonisac.adv.br\/index.php\/wp-json\/wp\/v2\/posts\/15948"}],"collection":[{"href":"https:\/\/jeffersonisac.adv.br\/index.php\/wp-json\/wp\/v2\/posts"}],"about":[{"href":"https:\/\/jeffersonisac.adv.br\/index.php\/wp-json\/wp\/v2\/types\/post"}],"replies":[{"embeddable":true,"href":"https:\/\/jeffersonisac.adv.br\/index.php\/wp-json\/wp\/v2\/comments?post=15948"}],"version-history":[{"count":0,"href":"https:\/\/jeffersonisac.adv.br\/index.php\/wp-json\/wp\/v2\/posts\/15948\/revisions"}],"wp:attachment":[{"href":"https:\/\/jeffersonisac.adv.br\/index.php\/wp-json\/wp\/v2\/media?parent=15948"}],"wp:term":[{"taxonomy":"category","embeddable":true,"href":"https:\/\/jeffersonisac.adv.br\/index.php\/wp-json\/wp\/v2\/categories?post=15948"},{"taxonomy":"post_tag","embeddable":true,"href":"https:\/\/jeffersonisac.adv.br\/index.php\/wp-json\/wp\/v2\/tags?post=15948"}],"curies":[{"name":"wp","href":"https:\/\/api.w.org\/{rel}","templated":true}]}}