{"id":15954,"date":"2026-03-31T16:25:18","date_gmt":"2026-03-31T19:25:18","guid":{"rendered":"https:\/\/jeffersonisac.adv.br\/index.php\/2026\/03\/31\/lei-cria-o-dia-nacional-do-orgulho-autista-para-celebrar-a-neurodiversidade\/"},"modified":"2026-03-31T16:25:18","modified_gmt":"2026-03-31T19:25:18","slug":"lei-cria-o-dia-nacional-do-orgulho-autista-para-celebrar-a-neurodiversidade","status":"publish","type":"post","link":"https:\/\/jeffersonisac.adv.br\/index.php\/2026\/03\/31\/lei-cria-o-dia-nacional-do-orgulho-autista-para-celebrar-a-neurodiversidade\/","title":{"rendered":"Lei cria o Dia Nacional do Orgulho Autista para celebrar a neurodiversidade"},"content":{"rendered":"<div class=\"image-container\">\n<div class=\"midia-creditos\"><em>GettyImages<\/em><\/div>\n<div class=\"media-wrapper\"><\/div>\n<div class=\"midia-legenda\">Segundo o IBGE, o Brasil tem mais de 2 milh\u00f5es de pessoas com TEA<\/div>\n<\/div>\n<p>O calend\u00e1rio brasileiro passa a contar, a partir deste ano, com o Dia Nacional do Orgulho Autista, a ser celebrado em 18 de junho. A medida foi oficializada pela <a class=\"linkLegislacao\" href=\"https:\/\/www2.camara.gov.br\/legin\/fed\/lei\/2026\/lei-15365-30-marco-2026-798890-norma-pl.html\">Lei 15.365\/26<\/a>, publicada no Di\u00e1rio Oficial da Uni\u00e3o (DOU) desta ter\u00e7a-feira (31).<\/p>\n<p>A nova data comemorativa se junta ao j\u00e1 existente <a href=\"https:\/\/www2.camara.leg.br\/legin\/fed\/lei\/2018\/lei-13652-13-abril-2018-786563-norma-pl.html\">Dia Nacional de Conscientiza\u00e7\u00e3o sobre o Autismo<\/a>, celebrado em 2 de abril. Por\u00e9m, diferentemente da data de abril, que foca na dissemina\u00e7\u00e3o de informa\u00e7\u00f5es e diagn\u00f3stico, o Dia do Orgulho Autista busca celebrar a neurodiversidade.<\/p>\n<p>O objetivo da nova data \u00e9 fortalecer a agenda de direitos, inclus\u00e3o e visibilidade, al\u00e9m de combater o estigma associado ao transtorno do espectro autista (TEA). A iniciativa tamb\u00e9m promove o respeito \u00e0s diferen\u00e7as e \u00e0 identidade das pessoas autistas e de suas fam\u00edlias, complementando as a\u00e7\u00f5es j\u00e1 realizadas em abril.<\/p>\n<p>O reconhecimento da data ocorre em um cen\u00e1rio de maior visibilidade estat\u00edstica sobre o tema. De acordo com o Instituto Brasileiro de Geografia e Estat\u00edstica (IBGE), o Brasil tem mais de 2 milh\u00f5es de pessoas diagnosticadas com autismo.<\/p>\n<p><strong>Tramita\u00e7\u00e3o<br \/>\n<\/strong>A norma que institui a celebra\u00e7\u00e3o tem origem no PL 3391\/20, do Senado, e <a href=\"https:\/\/www.camara.leg.br\/noticias\/1178596-CAMARA-APROVA-CRIACAO-DO-DIA-NACIONAL-DO-ORGULHO-AUTISTA,-EM-18-DE-JUNHO\">foi aprovada na C\u00e2mara em julho do ano passado<\/a>.\u00a0<strong><br \/>\n<\/strong><\/p>\n<p>\u00a0<\/p>\n<div><\/div>\n<p>\u00a0<\/p>","protected":false},"excerpt":{"rendered":"<p>GettyImages Segundo o IBGE, o Brasil tem mais de 2 milh\u00f5es de pessoas com TEA O calend\u00e1rio brasileiro passa a contar, a partir deste ano, com o Dia Nacional do Orgulho Autista, a ser celebrado em 18 de junho. A medida foi oficializada pela Lei 15.365\/26, publicada no Di\u00e1rio Oficial da Uni\u00e3o (DOU) desta ter\u00e7a-feira [&hellip;]<\/p>\n","protected":false},"author":0,"featured_media":0,"comment_status":"open","ping_status":"open","sticky":false,"template":"","format":"standard","meta":{"footnotes":""},"categories":[1],"tags":[],"_links":{"self":[{"href":"https:\/\/jeffersonisac.adv.br\/index.php\/wp-json\/wp\/v2\/posts\/15954"}],"collection":[{"href":"https:\/\/jeffersonisac.adv.br\/index.php\/wp-json\/wp\/v2\/posts"}],"about":[{"href":"https:\/\/jeffersonisac.adv.br\/index.php\/wp-json\/wp\/v2\/types\/post"}],"replies":[{"embeddable":true,"href":"https:\/\/jeffersonisac.adv.br\/index.php\/wp-json\/wp\/v2\/comments?post=15954"}],"version-history":[{"count":0,"href":"https:\/\/jeffersonisac.adv.br\/index.php\/wp-json\/wp\/v2\/posts\/15954\/revisions"}],"wp:attachment":[{"href":"https:\/\/jeffersonisac.adv.br\/index.php\/wp-json\/wp\/v2\/media?parent=15954"}],"wp:term":[{"taxonomy":"category","embeddable":true,"href":"https:\/\/jeffersonisac.adv.br\/index.php\/wp-json\/wp\/v2\/categories?post=15954"},{"taxonomy":"post_tag","embeddable":true,"href":"https:\/\/jeffersonisac.adv.br\/index.php\/wp-json\/wp\/v2\/tags?post=15954"}],"curies":[{"name":"wp","href":"https:\/\/api.w.org\/{rel}","templated":true}]}}