{"id":15955,"date":"2026-03-31T17:24:36","date_gmt":"2026-03-31T20:24:36","guid":{"rendered":"https:\/\/jeffersonisac.adv.br\/index.php\/2026\/03\/31\/sessao-solene-na-camara-destaca-desafios-de-maes-de-pessoas-com-autismo\/"},"modified":"2026-03-31T17:24:36","modified_gmt":"2026-03-31T20:24:36","slug":"sessao-solene-na-camara-destaca-desafios-de-maes-de-pessoas-com-autismo","status":"publish","type":"post","link":"https:\/\/jeffersonisac.adv.br\/index.php\/2026\/03\/31\/sessao-solene-na-camara-destaca-desafios-de-maes-de-pessoas-com-autismo\/","title":{"rendered":"Sess\u00e3o solene na C\u00e2mara destaca desafios de m\u00e3es de pessoas com autismo"},"content":{"rendered":"<div class=\"image-container\">\n<div class=\"midia-creditos\"><em>Kayo Magalh\u00e3es \/ C\u00e2mara dos Deputados<\/em><\/div>\n<div class=\"media-wrapper\"><\/div>\n<div class=\"midia-legenda\">Simone Andrade: m\u00e3es at\u00edpicas n\u00e3o podem ser romantizadas, mas cuidadas<\/div>\n<\/div>\n<p>A C\u00e2mara dos Deputados realizou sess\u00e3o solene nesta ter\u00e7a-feira (31) para lembrar o Dia Mundial de Conscientiza\u00e7\u00e3o do Autismo, celebrado em 2 de abril. A sess\u00e3o foi marcada pelo depoimento de m\u00e3es de filhos com autismo e que tamb\u00e9m necessitam de cuidados.<\/p>\n<p>A enfermeira carioca Bruna Esteves \u00e9 uma destas m\u00e3es at\u00edpicas que relatou a press\u00e3o f\u00edsica e mental que sofre constantemente.\u00a0\u201cPara uma crian\u00e7a autista poder caminhar, evoluir, ela precisa de uma m\u00e3e que tamb\u00e9m receba o suporte necess\u00e1rio\u201d, disse.<\/p>\n<p>Simone Andrade, presidente da Associa\u00e7\u00e3o Desenvolve no Espectro, disse que as m\u00e3es at\u00edpicas n\u00e3o podem ser romantizadas, e sim cuidadas.<\/p>\n<p>Outras mulheres, dirigentes de casas especializadas nos cuidados de crian\u00e7as com transtorno do espectro autista (TEA), pediram mais apoio financeiro, afirmando que a fila \u00e9 alta porque o Estado n\u00e3o consegue atender quem precisa com m\u00e9dicos e terapias.<\/p>\n<p>Outro problema citado foi a falta de mediadores para acompanhar as crian\u00e7as nas escolas p\u00fablicas.<\/p>\n<div class=\"image-container\">\n<div class=\"midia-creditos\"><em>Kayo Magalh\u00e3es \/ C\u00e2mara dos Deputados<\/em><\/div>\n<div class=\"media-wrapper\"><\/div>\n<div class=\"midia-legenda\">Deputada Chris Tonietto, que presidiu a sess\u00e3o solene<\/div>\n<\/div>\n<p><strong>Agenda legislativa<\/strong><br \/>\nA deputada Chris Tonietto (PL-RJ), que faz parte do grupo que solicitou a sess\u00e3o, disse que vai sugerir ao presidente da C\u00e2mara, Hugo Motta (Republicanos-PB), a fixa\u00e7\u00e3o de um per\u00edodo para a vota\u00e7\u00e3o de projetos ligados ao autismo.<\/p>\n<p>\u201cQue no m\u00eas de abril a gente possa selecionar os projetos de lei que est\u00e3o maduros para vota\u00e7\u00e3o, para que a gente possa aqui no Plen\u00e1rio votar e aprovar de forma consensuada\u201d, observou.<\/p>\n<p>A deputada Helo\u00edsa Helena (Rede-RJ) reivindicou a retirada da condicionalidade de renda para o recebimento do Benef\u00edcio de Presta\u00e7\u00e3o Continuada (<span class=\"termoGlossario\">BPC<\/span>) por pessoas com autismo. Hoje, \u00e9 preciso comprovar renda inferior a R$ 405,25 por pessoa da fam\u00edlia.<\/p>\n<p>\u00a0<\/p>\n<div><\/div>\n<p>\u00a0<\/p>","protected":false},"excerpt":{"rendered":"<p>Kayo Magalh\u00e3es \/ C\u00e2mara dos Deputados Simone Andrade: m\u00e3es at\u00edpicas n\u00e3o podem ser romantizadas, mas cuidadas A C\u00e2mara dos Deputados realizou sess\u00e3o solene nesta ter\u00e7a-feira (31) para lembrar o Dia Mundial de Conscientiza\u00e7\u00e3o do Autismo, celebrado em 2 de abril. A sess\u00e3o foi marcada pelo depoimento de m\u00e3es de filhos com autismo e que tamb\u00e9m [&hellip;]<\/p>\n","protected":false},"author":0,"featured_media":0,"comment_status":"open","ping_status":"open","sticky":false,"template":"","format":"standard","meta":{"footnotes":""},"categories":[1],"tags":[],"_links":{"self":[{"href":"https:\/\/jeffersonisac.adv.br\/index.php\/wp-json\/wp\/v2\/posts\/15955"}],"collection":[{"href":"https:\/\/jeffersonisac.adv.br\/index.php\/wp-json\/wp\/v2\/posts"}],"about":[{"href":"https:\/\/jeffersonisac.adv.br\/index.php\/wp-json\/wp\/v2\/types\/post"}],"replies":[{"embeddable":true,"href":"https:\/\/jeffersonisac.adv.br\/index.php\/wp-json\/wp\/v2\/comments?post=15955"}],"version-history":[{"count":0,"href":"https:\/\/jeffersonisac.adv.br\/index.php\/wp-json\/wp\/v2\/posts\/15955\/revisions"}],"wp:attachment":[{"href":"https:\/\/jeffersonisac.adv.br\/index.php\/wp-json\/wp\/v2\/media?parent=15955"}],"wp:term":[{"taxonomy":"category","embeddable":true,"href":"https:\/\/jeffersonisac.adv.br\/index.php\/wp-json\/wp\/v2\/categories?post=15955"},{"taxonomy":"post_tag","embeddable":true,"href":"https:\/\/jeffersonisac.adv.br\/index.php\/wp-json\/wp\/v2\/tags?post=15955"}],"curies":[{"name":"wp","href":"https:\/\/api.w.org\/{rel}","templated":true}]}}