{"id":15957,"date":"2026-03-31T18:24:23","date_gmt":"2026-03-31T21:24:23","guid":{"rendered":"https:\/\/jeffersonisac.adv.br\/index.php\/2026\/03\/31\/sancionada-criacao-de-cargos-e-funcoes-comissionadas-ate-2028-no-cnj\/"},"modified":"2026-03-31T18:24:23","modified_gmt":"2026-03-31T21:24:23","slug":"sancionada-criacao-de-cargos-e-funcoes-comissionadas-ate-2028-no-cnj","status":"publish","type":"post","link":"https:\/\/jeffersonisac.adv.br\/index.php\/2026\/03\/31\/sancionada-criacao-de-cargos-e-funcoes-comissionadas-ate-2028-no-cnj\/","title":{"rendered":"Sancionada cria\u00e7\u00e3o de cargos e fun\u00e7\u00f5es comissionadas at\u00e9 2028 no CNJ"},"content":{"rendered":"<div class=\"image-container\">\n<div class=\"midia-creditos\"><em>Gilmar Ferreira\/Ag.CNJ<\/em><\/div>\n<div class=\"media-wrapper\"><\/div>\n<div class=\"midia-legenda\">Sede do CNJ em Bras\u00edlia<\/div>\n<\/div>\n<p>O Conselho Nacional de Justi\u00e7a (CNJ) ter\u00e1 novos cargos efetivos, cargos em comiss\u00e3o e fun\u00e7\u00f5es comissionadas a partir deste ano. A medida est\u00e1 prevista na Lei 15.366\/26, sancionada pelo presidente Luiz In\u00e1cio Lula da Silva e publicada no Di\u00e1rio Oficial da Uni\u00e3o (DOU) nesta ter\u00e7a-feira (31).<\/p>\n<p>As despesas ser\u00e3o custeadas pelo pr\u00f3prio or\u00e7amento do CNJ. A cria\u00e7\u00e3o dos cargos e as nomea\u00e7\u00f5es ocorrer\u00e3o de forma gradual, entre 2026 e 2028, condicionadas \u00e0 autoriza\u00e7\u00e3o or\u00e7ament\u00e1ria anual.<\/p>\n<p>A lei prev\u00ea a cria\u00e7\u00e3o de:<\/p>\n<p>50 cargos de analista judici\u00e1rio;<br \/>\n70 cargos de t\u00e9cnico judici\u00e1rio;<br \/>\n20 cargos em comiss\u00e3o; e<br \/>\n100 fun\u00e7\u00f5es comissionadas.<\/p>\n<p><strong>Adequa\u00e7\u00e3o \u00e0s demandas<\/strong><br \/>\nA norma tem origem em projeto de lei de iniciativa do CNJ (PL 5490\/25) e <a href=\"https:\/\/www.camara.leg.br\/noticias\/1249813-CAMARA-APROVA-PROJETO-QUE-CRIA-CARGOS-NO-CONSELHO-NACIONAL-DE-JUSTICA\">foi aprovada na C\u00e2mara no in\u00edcio de mar\u00e7o<\/a>. O relator da proposta na C\u00e2mara, deputado Rubens Pereira J\u00fanior (PT-MA), defendeu o fortalecimento do Conselho Nacional de Justi\u00e7a para controlar e fiscalizar o Judici\u00e1rio. &#8220;H\u00e1 um d\u00e9ficit de servidores do CNJ. Este \u00e9 um custo irris\u00f3rio para o or\u00e7amento do Judici\u00e1rio&#8221;, ponderou.<\/p>","protected":false},"excerpt":{"rendered":"<p>Gilmar Ferreira\/Ag.CNJ Sede do CNJ em Bras\u00edlia O Conselho Nacional de Justi\u00e7a (CNJ) ter\u00e1 novos cargos efetivos, cargos em comiss\u00e3o e fun\u00e7\u00f5es comissionadas a partir deste ano. A medida est\u00e1 prevista na Lei 15.366\/26, sancionada pelo presidente Luiz In\u00e1cio Lula da Silva e publicada no Di\u00e1rio Oficial da Uni\u00e3o (DOU) nesta ter\u00e7a-feira (31). As despesas [&hellip;]<\/p>\n","protected":false},"author":0,"featured_media":0,"comment_status":"open","ping_status":"open","sticky":false,"template":"","format":"standard","meta":{"footnotes":""},"categories":[1],"tags":[],"_links":{"self":[{"href":"https:\/\/jeffersonisac.adv.br\/index.php\/wp-json\/wp\/v2\/posts\/15957"}],"collection":[{"href":"https:\/\/jeffersonisac.adv.br\/index.php\/wp-json\/wp\/v2\/posts"}],"about":[{"href":"https:\/\/jeffersonisac.adv.br\/index.php\/wp-json\/wp\/v2\/types\/post"}],"replies":[{"embeddable":true,"href":"https:\/\/jeffersonisac.adv.br\/index.php\/wp-json\/wp\/v2\/comments?post=15957"}],"version-history":[{"count":0,"href":"https:\/\/jeffersonisac.adv.br\/index.php\/wp-json\/wp\/v2\/posts\/15957\/revisions"}],"wp:attachment":[{"href":"https:\/\/jeffersonisac.adv.br\/index.php\/wp-json\/wp\/v2\/media?parent=15957"}],"wp:term":[{"taxonomy":"category","embeddable":true,"href":"https:\/\/jeffersonisac.adv.br\/index.php\/wp-json\/wp\/v2\/categories?post=15957"},{"taxonomy":"post_tag","embeddable":true,"href":"https:\/\/jeffersonisac.adv.br\/index.php\/wp-json\/wp\/v2\/tags?post=15957"}],"curies":[{"name":"wp","href":"https:\/\/api.w.org\/{rel}","templated":true}]}}