{"id":15961,"date":"2026-04-01T09:25:37","date_gmt":"2026-04-01T12:25:37","guid":{"rendered":"https:\/\/jeffersonisac.adv.br\/index.php\/2026\/04\/01\/motta-quer-votar-na-proxima-semana-financiamento-minimo-para-assistencia-social-no-brasil\/"},"modified":"2026-04-01T09:25:37","modified_gmt":"2026-04-01T12:25:37","slug":"motta-quer-votar-na-proxima-semana-financiamento-minimo-para-assistencia-social-no-brasil","status":"publish","type":"post","link":"https:\/\/jeffersonisac.adv.br\/index.php\/2026\/04\/01\/motta-quer-votar-na-proxima-semana-financiamento-minimo-para-assistencia-social-no-brasil\/","title":{"rendered":"Motta quer votar na pr\u00f3xima semana financiamento m\u00ednimo para assist\u00eancia social no Brasil"},"content":{"rendered":"<div class=\"image-container\">\n<div class=\"midia-creditos\"><em>Vinicius Loures\/C\u00e2mara dos Deputados<\/em><\/div>\n<div class=\"media-wrapper\"><\/div>\n<div class=\"midia-legenda\">Hugo Motta: &#8220;Estamos prontos para colaborar com esse debate&#8221;<\/div>\n<\/div>\n<p>O presidente da C\u00e2mara dos Deputados, Hugo Motta (Republicanos-PB), afirmou que pretende votar na pr\u00f3xima semana a Proposta de Emenda \u00e0 Constitui\u00e7\u00e3o que assegura o repasse m\u00ednimo de 1% da <span class=\"termoGlossario\">Receita Corrente L\u00edquida<\/span> da Uni\u00e3o para o Sistema \u00danico de Assist\u00eancia Social (<a class=\"linkProposicao\" href=\"https:\/\/www.camara.leg.br\/noticias\/542380-proposta-destina-a-assistencia-social-1-da-receita-corrente-liquida\">PEC 383\/17<\/a>).<\/p>\n<p>A medida \u00e9 aguardada pelo setor como um marco para a sustentabilidade financeira da assist\u00eancia no Brasil, garantindo recursos perenes para o atendimento \u00e0 popula\u00e7\u00e3o. De acordo com Motta, com essa aprova\u00e7\u00e3o, haver\u00e1 garantia de investimentos nos programas sociais.<\/p>\n<p>A proposta tamb\u00e9m assegura uma renda m\u00ednima para as pessoas em situa\u00e7\u00e3o de pobreza. \u201c\u00c9 a C\u00e2mara, mais uma vez, demonstrando seu compromisso com as pessoas que mais precisam no nosso pa\u00eds\u201d, disse o presidente por meio de suas redes sociais.<\/p>\n<p>\u201cFechar os olhos n\u00e3o elimina a desigualdade do nosso pa\u00eds. Estamos prontos para colaborar com esse debate\u201d, afirmou Motta.<\/p>","protected":false},"excerpt":{"rendered":"<p>Vinicius Loures\/C\u00e2mara dos Deputados Hugo Motta: &#8220;Estamos prontos para colaborar com esse debate&#8221; O presidente da C\u00e2mara dos Deputados, Hugo Motta (Republicanos-PB), afirmou que pretende votar na pr\u00f3xima semana a Proposta de Emenda \u00e0 Constitui\u00e7\u00e3o que assegura o repasse m\u00ednimo de 1% da Receita Corrente L\u00edquida da Uni\u00e3o para o Sistema \u00danico de Assist\u00eancia Social [&hellip;]<\/p>\n","protected":false},"author":0,"featured_media":0,"comment_status":"open","ping_status":"open","sticky":false,"template":"","format":"standard","meta":{"footnotes":""},"categories":[1],"tags":[],"_links":{"self":[{"href":"https:\/\/jeffersonisac.adv.br\/index.php\/wp-json\/wp\/v2\/posts\/15961"}],"collection":[{"href":"https:\/\/jeffersonisac.adv.br\/index.php\/wp-json\/wp\/v2\/posts"}],"about":[{"href":"https:\/\/jeffersonisac.adv.br\/index.php\/wp-json\/wp\/v2\/types\/post"}],"replies":[{"embeddable":true,"href":"https:\/\/jeffersonisac.adv.br\/index.php\/wp-json\/wp\/v2\/comments?post=15961"}],"version-history":[{"count":0,"href":"https:\/\/jeffersonisac.adv.br\/index.php\/wp-json\/wp\/v2\/posts\/15961\/revisions"}],"wp:attachment":[{"href":"https:\/\/jeffersonisac.adv.br\/index.php\/wp-json\/wp\/v2\/media?parent=15961"}],"wp:term":[{"taxonomy":"category","embeddable":true,"href":"https:\/\/jeffersonisac.adv.br\/index.php\/wp-json\/wp\/v2\/categories?post=15961"},{"taxonomy":"post_tag","embeddable":true,"href":"https:\/\/jeffersonisac.adv.br\/index.php\/wp-json\/wp\/v2\/tags?post=15961"}],"curies":[{"name":"wp","href":"https:\/\/api.w.org\/{rel}","templated":true}]}}