{"id":16027,"date":"2026-04-07T19:24:30","date_gmt":"2026-04-07T22:24:30","guid":{"rendered":"https:\/\/jeffersonisac.adv.br\/index.php\/2026\/04\/07\/comissao-aprova-exigencia-de-maquinas-de-cartao-acessiveis-a-pessoas-com-deficiencia-visual\/"},"modified":"2026-04-07T19:24:30","modified_gmt":"2026-04-07T22:24:30","slug":"comissao-aprova-exigencia-de-maquinas-de-cartao-acessiveis-a-pessoas-com-deficiencia-visual","status":"publish","type":"post","link":"https:\/\/jeffersonisac.adv.br\/index.php\/2026\/04\/07\/comissao-aprova-exigencia-de-maquinas-de-cartao-acessiveis-a-pessoas-com-deficiencia-visual\/","title":{"rendered":"Comiss\u00e3o aprova exig\u00eancia de m\u00e1quinas de cart\u00e3o acess\u00edveis a pessoas com defici\u00eancia visual"},"content":{"rendered":"<div class=\"image-container\">\n<div class=\"midia-creditos\"><em>Pablo Valadares\/C\u00e2mara dos Deputados<\/em><\/div>\n<div class=\"media-wrapper\"><\/div>\n<div class=\"midia-legenda\">Dr. Francisco recomendou a aprova\u00e7\u00e3o da proposta<\/div>\n<\/div>\n<p>A Comiss\u00e3o de Defesa dos Direitos das Pessoas com Defici\u00eancia da C\u00e2mara dos Deputados aprovou, nesta ter\u00e7a-feira (7), o Projeto de Lei 6994\/25, que obriga fabricantes e operadoras de cart\u00f5es a oferecer m\u00e1quinas de pagamento adaptadas a pessoas com defici\u00eancia visual<span>. <\/span><\/p>\n<p><span>O texto determina que os dispositivos tenham recursos de acessibilidade para garantir autonomia e seguran\u00e7a \u00e0s pessoas usu\u00e1rias.<\/span><\/p>\n<p><span>De acordo com o projeto, estabelecimentos comerciais devem oferecer pelo menos um dispositivo acess\u00edvel, sem custo adicional para o consumidor<\/span><span>. <\/span><\/p>\n<p><span>Esses equipamentos dever\u00e3o ter, no m\u00ednimo:<\/span><\/p>\n<p><span>identifica\u00e7\u00e3o t\u00e1til ou em braile nos bot\u00f5es;<\/span><br \/>\n<span>sistema de \u00e1udio para orienta\u00e7\u00e3o; e <\/span><br \/>\n<span>op\u00e7\u00e3o de fone de ouvido<\/span><span>. <\/span><\/p>\n<p><strong>Parecer favor\u00e1vel<\/strong><br \/>\nO relator, deputado Dr. Francisco (PT-PI), recomendou a aprova\u00e7\u00e3o do projeto, do deputado Duda Ramos (MDB-RR), sem altera\u00e7\u00f5es.<\/p>\n<p>Segundo o relator, a forma atual de uso dos cart\u00f5es e das m\u00e1quinas de pagamento obriga o cidad\u00e3o a depender de outrs pessoas<span>.<\/span><\/p>\n<p>&#8220;O objetivo maior \u00e9 permitir a utiliza\u00e7\u00e3o dos cart\u00f5es por pessoas com defici\u00eancia, de modo que elas possam se beneficiar de seguran\u00e7a operacional e do ganho de autonomia pessoal&#8221;, afirmou<span>.<\/span><\/p>\n<p><span><strong>Prazo de adapta\u00e7\u00e3o<\/strong><br \/>\nOs fabricantes ter\u00e3o at\u00e9 12 meses, ap\u00f3s a publica\u00e7\u00e3o da lei, para adequar seus processos e equipamentos<\/span><span>. <\/span><\/p>\n<p><span>O descumprimento das normas poder\u00e1 acarretar san\u00e7\u00f5es como multa, suspens\u00e3o de servi\u00e7os e interdi\u00e7\u00e3o de aparelhos n\u00e3o adaptados.<\/span><\/p>\n<p><span><strong>Pr\u00f3ximas etapas<br \/>\n<\/strong>\u00a0A proposta ser\u00e1 ainda analisada, em <span class=\"termoGlossario\">car\u00e1ter conclusivo<\/span>, pelas comiss\u00f5es de Finan\u00e7as e Tributa\u00e7\u00e3o; e de Constitui\u00e7\u00e3o e Justi\u00e7a e de Cidadania. <\/span><\/p>\n<p>Para virar lei, o texto deve ser aprovado pela C\u00e2mara e pelo Senado.<\/p>\n<p><a href=\"https:\/\/www.camara.leg.br\/noticias\/573454-SAIBA-MAIS-SOBRE-A-TRAMITACAO-DE-PROJETOS-DE-LEI\">Saiba mais sobre a tramita\u00e7\u00e3o de projetos de lei<\/a><\/p>\n<p>\u00a0<\/p>","protected":false},"excerpt":{"rendered":"<p>Pablo Valadares\/C\u00e2mara dos Deputados Dr. Francisco recomendou a aprova\u00e7\u00e3o da proposta A Comiss\u00e3o de Defesa dos Direitos das Pessoas com Defici\u00eancia da C\u00e2mara dos Deputados aprovou, nesta ter\u00e7a-feira (7), o Projeto de Lei 6994\/25, que obriga fabricantes e operadoras de cart\u00f5es a oferecer m\u00e1quinas de pagamento adaptadas a pessoas com defici\u00eancia visual. O texto determina [&hellip;]<\/p>\n","protected":false},"author":0,"featured_media":0,"comment_status":"open","ping_status":"open","sticky":false,"template":"","format":"standard","meta":{"footnotes":""},"categories":[1],"tags":[],"_links":{"self":[{"href":"https:\/\/jeffersonisac.adv.br\/index.php\/wp-json\/wp\/v2\/posts\/16027"}],"collection":[{"href":"https:\/\/jeffersonisac.adv.br\/index.php\/wp-json\/wp\/v2\/posts"}],"about":[{"href":"https:\/\/jeffersonisac.adv.br\/index.php\/wp-json\/wp\/v2\/types\/post"}],"replies":[{"embeddable":true,"href":"https:\/\/jeffersonisac.adv.br\/index.php\/wp-json\/wp\/v2\/comments?post=16027"}],"version-history":[{"count":0,"href":"https:\/\/jeffersonisac.adv.br\/index.php\/wp-json\/wp\/v2\/posts\/16027\/revisions"}],"wp:attachment":[{"href":"https:\/\/jeffersonisac.adv.br\/index.php\/wp-json\/wp\/v2\/media?parent=16027"}],"wp:term":[{"taxonomy":"category","embeddable":true,"href":"https:\/\/jeffersonisac.adv.br\/index.php\/wp-json\/wp\/v2\/categories?post=16027"},{"taxonomy":"post_tag","embeddable":true,"href":"https:\/\/jeffersonisac.adv.br\/index.php\/wp-json\/wp\/v2\/tags?post=16027"}],"curies":[{"name":"wp","href":"https:\/\/api.w.org\/{rel}","templated":true}]}}