{"id":16028,"date":"2026-04-07T19:24:30","date_gmt":"2026-04-07T22:24:30","guid":{"rendered":"https:\/\/jeffersonisac.adv.br\/index.php\/2026\/04\/07\/setor-produtivo-defende-negociacao-coletiva-como-saida-para-reducao-de-jornada-e-fim-da-escala-6x1\/"},"modified":"2026-04-07T19:24:30","modified_gmt":"2026-04-07T22:24:30","slug":"setor-produtivo-defende-negociacao-coletiva-como-saida-para-reducao-de-jornada-e-fim-da-escala-6x1","status":"publish","type":"post","link":"https:\/\/jeffersonisac.adv.br\/index.php\/2026\/04\/07\/setor-produtivo-defende-negociacao-coletiva-como-saida-para-reducao-de-jornada-e-fim-da-escala-6x1\/","title":{"rendered":"Setor produtivo defende negocia\u00e7\u00e3o coletiva como sa\u00edda para redu\u00e7\u00e3o de jornada e fim da escala 6&#215;1"},"content":{"rendered":"<div class=\"image-container\">\n<div class=\"midia-creditos\"><em>Zeca Ribeiro \/ C\u00e2mara dos Deputados<\/em><\/div>\n<div class=\"media-wrapper\"><\/div>\n<div class=\"midia-legenda\">A Comiss\u00e3o de Constitui\u00e7\u00e3o e Justi\u00e7a e de Cidadania analisa as propostas sobre o tema<\/div>\n<\/div>\n<p>Representantes do setor produtivo manifestaram consenso durante debate na Comiss\u00e3o de Constitui\u00e7\u00e3o e Justi\u00e7a (CCJ) da C\u00e2mara dos Deputados: a negocia\u00e7\u00e3o coletiva entre empresas e trabalhadores \u00e9 o melhor caminho para tratar da redu\u00e7\u00e3o da jornada de trabalho e do fim da escala 6&#215;1 (seis dias de trabalho e um de descanso por semana).<\/p>\n<p>A audi\u00eancia, realizada nesta ter\u00e7a-feira (7), discutiu duas propostas de emenda \u00e0 Constitui\u00e7\u00e3o (PEC):<\/p>\n<p>a <a class=\"linkProposicao\" href=\"https:\/\/www.camara.leg.br\/noticias\/1136412-pec-preve-a-adocao-da-jornada-de-quatro-dias-de-trabalho-para-todos-os-trabalhadores-brasileiros\">PEC 8\/25<\/a>, que sugere quatro dias de trabalho por semana; e<br \/>\na <a class=\"linkProposicao\" href=\"https:\/\/www.camara.leg.br\/noticias\/632530-pec-reduz-jornada-semanal-de-trabalho-de-44-para-36-horas\">PEC 221\/19<\/a>, que reduz a carga semanal de 44 para 36 horas.<\/p>\n<p>Os dois textos est\u00e3o em an\u00e1lise na comiss\u00e3o.<\/p>\n<p><strong>Modelo flex\u00edvel <\/strong><br \/>\nA superintendente de Rela\u00e7\u00f5es do Trabalho da Confedera\u00e7\u00e3o Nacional da Ind\u00fastria (CNI), Sylvia Lorena de Sousa, alertou que uma mudan\u00e7a imposta por lei pode gerar riscos econ\u00f4micos severos.<\/p>\n<p>Segundo ela, cerca de 30% dos acordos coletivos atuais j\u00e1 tratam de jornada, provando que o modelo flex\u00edvel funciona.<\/p>\n<p><strong>Pre\u00e7os e PIB<\/strong><br \/>\nSylvia Lorena apresentou dados da CNI segundo os quais a redu\u00e7\u00e3o para 40 horas sem corte salarial pode elevar os pre\u00e7os ao consumidor em 6,2% e causar uma queda de 0,7% no Produto Interno Bruto (<span class=\"termoGlossario\">PIB<\/span>).<\/p>\n<p>\u201cRepresenta uma perda da ordem de R$ 76 bilh\u00f5es para a economia brasileira. Al\u00e9m disso, os custos com trabalho formal podem aumentar entre R$ 178 bilh\u00f5es e R$ 267 bilh\u00f5es, com efeitos disseminados em toda a economia.\u201d<\/p>\n<p>Segundo ela, o &#8220;caminho mais respons\u00e1vel \u00e9 fortalecer o que j\u00e1 funciona no Brasil, a negocia\u00e7\u00e3o coletiva\u201d.<\/p>\n<div class=\"image-container\">\n<div class=\"midia-creditos\"><em>Zeca Ribeiro \/ C\u00e2mara dos Deputados<\/em><\/div>\n<div class=\"media-wrapper\"><\/div>\n<div class=\"midia-legenda\">Sylvia Lorena de Sousa alertou para riscos econ\u00f4micos severos em caso de redu\u00e7\u00e3o da jornada<\/div>\n<\/div>\n<p><strong>Repasse para o consumidor<\/strong><br \/>\nOutros representantes de confedera\u00e7\u00f5es refor\u00e7aram a vis\u00e3o da CNI. Frederico Toledo Melo, da Confedera\u00e7\u00e3o Nacional do Transporte (CNT), destacou que o setor j\u00e1 sofre com a escassez de motoristas e que novos custos seriam repassados aos pre\u00e7os, gerando infla\u00e7\u00e3o.<\/p>\n<p>J\u00e1 Roberto Lu\u00eds Lopes Nogueira, da Confedera\u00e7\u00e3o Nacional do Com\u00e9rcio (CNC), afirmou que a diversidade do setor n\u00e3o comporta uma \u201cjornada de trabalho estanque determinada pela lei\u201d.<\/p>\n<p><strong>Experi\u00eancia anterior<\/strong><br \/>\nO relator das propostas na CCJ, deputado Paulo Azi (Uni\u00e3o-BA), apresentou contrapontos para o setor produtivo. Ele lembrou que, em 1988, a jornada caiu de 48 para 44 horas sob alertas semelhantes, mas os efeitos negativos previstos n\u00e3o se concretizaram na magnitude esperada.<\/p>\n<p>Azi questionou a efic\u00e1cia da negocia\u00e7\u00e3o coletiva, uma vez que muitos setores n\u00e3o avan\u00e7aram no tema voluntariamente nos \u00faltimos anos.<\/p>\n<p>\u201cQuais seriam os obst\u00e1culos e as dificuldades que hoje existem para esses setores em avan\u00e7ar na redu\u00e7\u00e3o por meio da negocia\u00e7\u00e3o coletiva e por que isso n\u00e3o tem sido feito?\u201d, indagou o relator.<\/p>\n<p>Em resposta, Rodrigo Hugueney, da Confedera\u00e7\u00e3o da Agricultura e Pecu\u00e1ria do Brasil (CNA), argumentou que o contexto de 1988 era de transi\u00e7\u00e3o democr\u00e1tica e economia fechada, diferente da globaliza\u00e7\u00e3o atual.<\/p>\n<div class=\"image-container\">\n<div class=\"midia-creditos\"><em>Zeca Ribeiro \/ C\u00e2mara dos Deputados<\/em><\/div>\n<div class=\"media-wrapper\"><\/div>\n<div class=\"midia-legenda\">Paulo Azi questionou a efic\u00e1cia da negocia\u00e7\u00e3o coletiva<\/div>\n<\/div>\n<p><strong>Trabalhadores rurais<\/strong><br \/>\nNo setor rural, Hugueney apontou que a redu\u00e7\u00e3o de dias trabalhados afetaria diretamente o bolso do trabalhador, que muitas vezes recebe por produtividade (por saca colhida, por exemplo). \u201cSe ele vai trabalhar um dia a menos, ele vai colher menos, ele vai receber menos\u201d, explicou.<\/p>\n<p>O debate contou ainda com a participa\u00e7\u00e3o, entre outros parlamentares, do deputado Lucas Redecker (PSDB-RS), que alertou para a dificuldade de alterar uma regra ap\u00f3s ela ser inclu\u00edda na Constitui\u00e7\u00e3o e citou os desafios de ind\u00fastrias que operam 24 horas por dia.<\/p>\n<p><strong>Dignidade humana<\/strong><br \/>\nO deputado Patrus Ananias (PT-MG) defendeu a redu\u00e7\u00e3o para 40 horas semanais por uma quest\u00e3o de dignidade humana. Para ele, o Brasil ainda carrega um \u201clegado da escravid\u00e3o\u201d e o atual modelo impede que o trabalhador tenha tempo para a fam\u00edlia, o estudo e a sa\u00fade mental.<\/p>\n<p>Ananias tamb\u00e9m contestou a efic\u00e1cia da negocia\u00e7\u00e3o coletiva hoje. \u201cH\u00e1 hoje uma fragiliza\u00e7\u00e3o dos movimentos sindicais.\u201d<\/p>\n<p>Em mar\u00e7o, representantes de sindicatos de trabalhadores tamb\u00e9m foram ouvidos pela CCJ e defenderam a redu\u00e7\u00e3o da jornada como estrat\u00e9gia para aumentar a efici\u00eancia e melhorar o conv\u00edvio familiar.<\/p>\n<p>Segundo o presidente da CCJ, Leur Lomanto J\u00fanior (Uni\u00e3o-BA), a constitucionalidade das propostas que tratam do assunto dever\u00e1 ser votada no dia 14 ou 15 de abril.<\/p>\n<p><a href=\"https:\/\/www.camara.leg.br\/noticias\/573448-saiba-mais-sobre-a-tramitacao-de-pecs\/\">Saiba mais sobre a tramita\u00e7\u00e3o de propostas de emenda \u00e0 Constitui\u00e7\u00e3o<\/a><\/p>\n<p>\u00a0<\/p>\n<div><\/div>\n<p>\u00a0<\/p>\n<p>\u00a0<\/p>","protected":false},"excerpt":{"rendered":"<p>Zeca Ribeiro \/ C\u00e2mara dos Deputados A Comiss\u00e3o de Constitui\u00e7\u00e3o e Justi\u00e7a e de Cidadania analisa as propostas sobre o tema Representantes do setor produtivo manifestaram consenso durante debate na Comiss\u00e3o de Constitui\u00e7\u00e3o e Justi\u00e7a (CCJ) da C\u00e2mara dos Deputados: a negocia\u00e7\u00e3o coletiva entre empresas e trabalhadores \u00e9 o melhor caminho para tratar da redu\u00e7\u00e3o [&hellip;]<\/p>\n","protected":false},"author":0,"featured_media":0,"comment_status":"open","ping_status":"open","sticky":false,"template":"","format":"standard","meta":{"footnotes":""},"categories":[1],"tags":[],"_links":{"self":[{"href":"https:\/\/jeffersonisac.adv.br\/index.php\/wp-json\/wp\/v2\/posts\/16028"}],"collection":[{"href":"https:\/\/jeffersonisac.adv.br\/index.php\/wp-json\/wp\/v2\/posts"}],"about":[{"href":"https:\/\/jeffersonisac.adv.br\/index.php\/wp-json\/wp\/v2\/types\/post"}],"replies":[{"embeddable":true,"href":"https:\/\/jeffersonisac.adv.br\/index.php\/wp-json\/wp\/v2\/comments?post=16028"}],"version-history":[{"count":0,"href":"https:\/\/jeffersonisac.adv.br\/index.php\/wp-json\/wp\/v2\/posts\/16028\/revisions"}],"wp:attachment":[{"href":"https:\/\/jeffersonisac.adv.br\/index.php\/wp-json\/wp\/v2\/media?parent=16028"}],"wp:term":[{"taxonomy":"category","embeddable":true,"href":"https:\/\/jeffersonisac.adv.br\/index.php\/wp-json\/wp\/v2\/categories?post=16028"},{"taxonomy":"post_tag","embeddable":true,"href":"https:\/\/jeffersonisac.adv.br\/index.php\/wp-json\/wp\/v2\/tags?post=16028"}],"curies":[{"name":"wp","href":"https:\/\/api.w.org\/{rel}","templated":true}]}}