{"id":16031,"date":"2026-04-07T20:26:51","date_gmt":"2026-04-07T23:26:51","guid":{"rendered":"https:\/\/jeffersonisac.adv.br\/index.php\/2026\/04\/07\/comissao-que-vai-analisar-mp-sobre-renovacao-da-carteira-de-motorista-e-instalada-e-elege-presidente-e-vice\/"},"modified":"2026-04-07T20:26:51","modified_gmt":"2026-04-07T23:26:51","slug":"comissao-que-vai-analisar-mp-sobre-renovacao-da-carteira-de-motorista-e-instalada-e-elege-presidente-e-vice","status":"publish","type":"post","link":"https:\/\/jeffersonisac.adv.br\/index.php\/2026\/04\/07\/comissao-que-vai-analisar-mp-sobre-renovacao-da-carteira-de-motorista-e-instalada-e-elege-presidente-e-vice\/","title":{"rendered":"Comiss\u00e3o que vai analisar MP sobre renova\u00e7\u00e3o da carteira de motorista \u00e9 instalada e elege presidente e vice"},"content":{"rendered":"<div class=\"image-container\">\n<div class=\"midia-creditos\"><em>Zeca Ribeiro\/C\u00e2mara dos Deputados<\/em><\/div>\n<div class=\"media-wrapper\"><\/div>\n<div class=\"midia-legenda\">Luciano Amaral, o presidente da comiss\u00e3o<\/div>\n<\/div>\n<p>A comiss\u00e3o que vai examinar a proposta do governo que permite a renova\u00e7\u00e3o autom\u00e1tica da Carteira Nacional de Habilita\u00e7\u00e3o (CNH) para motoristas sem multas de tr\u00e2nsito foi instalada nesta ter\u00e7a-feira (7).<\/p>\n<p>O deputado Luciano Amaral (PSD-AL) foi eleito para a presid\u00eancia, e o senador Dr. Hiran (PP-RR), para a vice-presid\u00eancia.<\/p>\n<p>A <a class=\"linkProposicao\" href=\"https:\/\/www.camara.leg.br\/noticias\/1231668-mp-1327-25-mp-permite-renovacao-automatica-da-cnh-para-motorista-sem-multa-de-transito\">Medida Provis\u00f3ria (MP) 1327\/25<\/a>, em an\u00e1lise na comiss\u00e3o, altera o <a class=\"linkLegislacao\" href=\"https:\/\/www2.camara.gov.br\/legin\/fed\/lei\/1997\/lei-9503-23-setembro-1997-372348-norma-pl.html\">C\u00f3digo de Tr\u00e2nsito Brasileiro<\/a>, que j\u00e1 prev\u00ea a cria\u00e7\u00e3o do Registro Nacional Positivo de Condutores (RNPC). Esse cadastro re\u00fane motoristas que n\u00e3o cometeram infra\u00e7\u00f5es com pontua\u00e7\u00e3o nos \u00faltimos 12 meses.<\/p>\n<p>O senador Renan Filho (MDB-AL) vai relatar a MP. Ele\u00a0lembrou que participou da elabora\u00e7\u00e3o da proposta quando era ministro dos Transportes. Segundo ele, a inten\u00e7\u00e3o \u00e9 simplificar e reduzir custos no processo de renova\u00e7\u00e3o da CNH.<\/p>\n<p>&#8220;N\u00f3s temos tudo para aperfei\u00e7oar o texto, garantir ao povo brasileiro um processo seguro, mais barato e que aproxime o Brasil da racionalidade internacional&#8221;, afirmou.<\/p>\n<p><strong>Renova\u00e7\u00e3o autom\u00e1tica<\/strong><br \/>\nA novidade da MP 1327\/25 \u00e9 a renova\u00e7\u00e3o autom\u00e1tica. De acordo com o texto, o condutor inclu\u00eddo no RNPC fica dispensado de passar pelos exames do Departamento de Tr\u00e2nsito (Detran) quando acabar a validade da CNH ou da Autoriza\u00e7\u00e3o para Conduzir Ciclomotor.<\/p>\n<p>A medida provis\u00f3ria traz algumas exce\u00e7\u00f5es:<\/p>\n<p>o benef\u00edcio n\u00e3o vale para motoristas a partir de 70 anos;<br \/>\nos condutores a partir de 50 anos s\u00f3 podem ter uma renova\u00e7\u00e3o autom\u00e1tica;<br \/>\nmotoristas com ind\u00edcios de defici\u00eancia f\u00edsica ou mental ou de progressividade de doen\u00e7a que possa comprometer a capacidade para dirigir precisam passar pelos exames do Detran.<\/p>\n<p><strong>Carteira f\u00edsica ou digital<\/strong><br \/>\nO texto tamb\u00e9m permite ao motorista escolher entre a vers\u00e3o f\u00edsica ou digital da CNH e mant\u00e9m a exig\u00eancia de avalia\u00e7\u00e3o psicol\u00f3gica para a primeira habilita\u00e7\u00e3o e para quem exerce atividade remunerada com ve\u00edculo.<\/p>","protected":false},"excerpt":{"rendered":"<p>Zeca Ribeiro\/C\u00e2mara dos Deputados Luciano Amaral, o presidente da comiss\u00e3o A comiss\u00e3o que vai examinar a proposta do governo que permite a renova\u00e7\u00e3o autom\u00e1tica da Carteira Nacional de Habilita\u00e7\u00e3o (CNH) para motoristas sem multas de tr\u00e2nsito foi instalada nesta ter\u00e7a-feira (7). O deputado Luciano Amaral (PSD-AL) foi eleito para a presid\u00eancia, e o senador Dr. [&hellip;]<\/p>\n","protected":false},"author":0,"featured_media":0,"comment_status":"open","ping_status":"open","sticky":false,"template":"","format":"standard","meta":{"footnotes":""},"categories":[1],"tags":[],"_links":{"self":[{"href":"https:\/\/jeffersonisac.adv.br\/index.php\/wp-json\/wp\/v2\/posts\/16031"}],"collection":[{"href":"https:\/\/jeffersonisac.adv.br\/index.php\/wp-json\/wp\/v2\/posts"}],"about":[{"href":"https:\/\/jeffersonisac.adv.br\/index.php\/wp-json\/wp\/v2\/types\/post"}],"replies":[{"embeddable":true,"href":"https:\/\/jeffersonisac.adv.br\/index.php\/wp-json\/wp\/v2\/comments?post=16031"}],"version-history":[{"count":0,"href":"https:\/\/jeffersonisac.adv.br\/index.php\/wp-json\/wp\/v2\/posts\/16031\/revisions"}],"wp:attachment":[{"href":"https:\/\/jeffersonisac.adv.br\/index.php\/wp-json\/wp\/v2\/media?parent=16031"}],"wp:term":[{"taxonomy":"category","embeddable":true,"href":"https:\/\/jeffersonisac.adv.br\/index.php\/wp-json\/wp\/v2\/categories?post=16031"},{"taxonomy":"post_tag","embeddable":true,"href":"https:\/\/jeffersonisac.adv.br\/index.php\/wp-json\/wp\/v2\/tags?post=16031"}],"curies":[{"name":"wp","href":"https:\/\/api.w.org\/{rel}","templated":true}]}}