{"id":16034,"date":"2026-04-07T20:26:52","date_gmt":"2026-04-07T23:26:52","guid":{"rendered":"https:\/\/jeffersonisac.adv.br\/index.php\/2026\/04\/07\/comissao-aprova-seguro-de-vida-para-profissionais-de-seguranca-publica\/"},"modified":"2026-04-07T20:26:52","modified_gmt":"2026-04-07T23:26:52","slug":"comissao-aprova-seguro-de-vida-para-profissionais-de-seguranca-publica","status":"publish","type":"post","link":"https:\/\/jeffersonisac.adv.br\/index.php\/2026\/04\/07\/comissao-aprova-seguro-de-vida-para-profissionais-de-seguranca-publica\/","title":{"rendered":"Comiss\u00e3o aprova seguro de vida para profissionais de seguran\u00e7a p\u00fablica"},"content":{"rendered":"<div class=\"image-container\">\n<div class=\"midia-creditos\"><em>Kayo Magalh\u00e3es \/ C\u00e2mara dos Deputados<\/em><\/div>\n<div class=\"media-wrapper\"><\/div>\n<div class=\"midia-legenda\">Delegado Paulo Bilynskyj: o risco da atividade n\u00e3o termina com a ida para a inatividade<\/div>\n<\/div>\n<p>A Comiss\u00e3o de Seguran\u00e7a P\u00fablica da C\u00e2mara dos Deputados aprovou o Projeto de Lei 5613\/25, que cria o Seguro de Vida e Acidentes Pessoais para profissionais de seguran\u00e7a p\u00fablica e defesa social.<\/p>\n<p>O benef\u00edcio ser\u00e1 custeado com recursos do Fundo Nacional de Seguran\u00e7a P\u00fablica (FNSP) e ser\u00e1 obrigat\u00f3rio para:<\/p>\n<p>Pol\u00edcia Federal;<br \/>\nPol\u00edcia Rodovi\u00e1ria;<br \/>\nPol\u00edcia Ferrovi\u00e1ria;<br \/>\nPol\u00edcia Penal;<br \/>\nPol\u00edcia Civil;<br \/>\nPol\u00edcia Militar;<br \/>\nbombeiros;<br \/>\nguarda municipal;<br \/>\nguarda portu\u00e1ria;<br \/>\nagentes de tr\u00e2nsito; e<br \/>\nPol\u00edcia Legislativa.<\/p>\n<p><strong>Amplia\u00e7\u00e3o para aposentados<\/strong><br \/>\nA comiss\u00e3o aprovou uma emenda do relator, deputado Delegado Paulo Bilynskyj (PL-SP), que incluiu no texto original do deputado Roberto Duarte (Republicanos-AC) a extens\u00e3o da cobertura aos profissionais da reserva remunerada e aos aposentados.<\/p>\n<p>Para o relator, o risco da atividade n\u00e3o termina com a ida para a inatividade.\u00a0\u201cTrata-se de risco de natureza continuada, que imp\u00f5e ao Estado o dever de assegurar prote\u00e7\u00e3o compat\u00edvel n\u00e3o apenas durante o exerc\u00edcio da fun\u00e7\u00e3o, mas tamb\u00e9m ap\u00f3s o encerramento da atividade operacional\u201d, disse o relator.<\/p>\n<p><strong>Indeniza\u00e7\u00e3o<\/strong><br \/>\nA indeniza\u00e7\u00e3o prevista para casos de morte ou invalidez permanente total ser\u00e1 de 18 vezes o valor da remunera\u00e7\u00e3o mensal bruta do profissional na data do ocorrido.<\/p>\n<p>Em situa\u00e7\u00f5es de invalidez permanente parcial, o pagamento ser\u00e1 proporcional ao grau de incapacidade, conforme regulamenta\u00e7\u00e3o futura do Poder Executivo.<\/p>\n<p>Para viabilizar o pagamento, o projeto altera a <a class=\"linkLegislacao\" href=\"https:\/\/www2.camara.gov.br\/legin\/fed\/lei\/2018\/lei-13756-12-dezembro-2018-787435-norma-pl.html\">Lei 13.756\/18<\/a>, incluindo o seguro entre as finalidades de uso do FNSP.<\/p>\n<p><strong>Pr\u00f3ximas etapas<br \/>\n<\/strong>\u00a0A proposta ser\u00e1 ainda analisada, em <span class=\"termoGlossario\">car\u00e1ter conclusivo<\/span>, pelas comiss\u00f5es de Finan\u00e7as e Tributa\u00e7\u00e3o; e de Constitui\u00e7\u00e3o e Justi\u00e7a e de Cidadania.<\/p>\n<p>Para virar lei, o texto deve ser aprovado pela C\u00e2mara e pelo Senado.<\/p>\n<p><a href=\"https:\/\/www.camara.leg.br\/noticias\/573454-SAIBA-MAIS-SOBRE-A-TRAMITACAO-DE-PROJETOS-DE-LEI\">Saiba mais sobre a tramita\u00e7\u00e3o de projetos de lei<\/a><\/p>","protected":false},"excerpt":{"rendered":"<p>Kayo Magalh\u00e3es \/ C\u00e2mara dos Deputados Delegado Paulo Bilynskyj: o risco da atividade n\u00e3o termina com a ida para a inatividade A Comiss\u00e3o de Seguran\u00e7a P\u00fablica da C\u00e2mara dos Deputados aprovou o Projeto de Lei 5613\/25, que cria o Seguro de Vida e Acidentes Pessoais para profissionais de seguran\u00e7a p\u00fablica e defesa social. O benef\u00edcio [&hellip;]<\/p>\n","protected":false},"author":0,"featured_media":0,"comment_status":"open","ping_status":"open","sticky":false,"template":"","format":"standard","meta":{"footnotes":""},"categories":[1],"tags":[],"_links":{"self":[{"href":"https:\/\/jeffersonisac.adv.br\/index.php\/wp-json\/wp\/v2\/posts\/16034"}],"collection":[{"href":"https:\/\/jeffersonisac.adv.br\/index.php\/wp-json\/wp\/v2\/posts"}],"about":[{"href":"https:\/\/jeffersonisac.adv.br\/index.php\/wp-json\/wp\/v2\/types\/post"}],"replies":[{"embeddable":true,"href":"https:\/\/jeffersonisac.adv.br\/index.php\/wp-json\/wp\/v2\/comments?post=16034"}],"version-history":[{"count":0,"href":"https:\/\/jeffersonisac.adv.br\/index.php\/wp-json\/wp\/v2\/posts\/16034\/revisions"}],"wp:attachment":[{"href":"https:\/\/jeffersonisac.adv.br\/index.php\/wp-json\/wp\/v2\/media?parent=16034"}],"wp:term":[{"taxonomy":"category","embeddable":true,"href":"https:\/\/jeffersonisac.adv.br\/index.php\/wp-json\/wp\/v2\/categories?post=16034"},{"taxonomy":"post_tag","embeddable":true,"href":"https:\/\/jeffersonisac.adv.br\/index.php\/wp-json\/wp\/v2\/tags?post=16034"}],"curies":[{"name":"wp","href":"https:\/\/api.w.org\/{rel}","templated":true}]}}