{"id":16036,"date":"2026-04-07T21:24:31","date_gmt":"2026-04-08T00:24:31","guid":{"rendered":"https:\/\/jeffersonisac.adv.br\/index.php\/2026\/04\/07\/comissao-aprova-dever-de-promover-acessibilidade-sem-necessidade-de-pedido-previo\/"},"modified":"2026-04-07T21:24:31","modified_gmt":"2026-04-08T00:24:31","slug":"comissao-aprova-dever-de-promover-acessibilidade-sem-necessidade-de-pedido-previo","status":"publish","type":"post","link":"https:\/\/jeffersonisac.adv.br\/index.php\/2026\/04\/07\/comissao-aprova-dever-de-promover-acessibilidade-sem-necessidade-de-pedido-previo\/","title":{"rendered":"Comiss\u00e3o aprova dever de promover acessibilidade sem necessidade de pedido pr\u00e9vio"},"content":{"rendered":"<div class=\"image-container\">\n<div class=\"midia-creditos\"><em>Vinicius Loures \/ C\u00e2mara dos Deputados<\/em><\/div>\n<div class=\"media-wrapper\"><\/div>\n<div class=\"midia-legenda\">Silvia Cristina recomendou a aprova\u00e7\u00e3o do projeto, com mudan\u00e7as<\/div>\n<\/div>\n<p>A Comiss\u00e3o de Defesa dos Direitos das Pessoas com Defici\u00eancia da C\u00e2mara dos Deputados aprovou projeto de lei que inclui o car\u00e1ter preventivo nas chamadas &#8220;adapta\u00e7\u00f5es razo\u00e1veis&#8221; previstas no Estatuto da Pessoa com Defici\u00eancia.<\/p>\n<p>O objetivo \u00e9 deixar claro na lei que as adapta\u00e7\u00f5es necess\u00e1rias devem ser feitas antes mesmo de serem solicitadas por pessoas com defici\u00eancia.<\/p>\n<p>Atualmente, a aplica\u00e7\u00e3o dessas medidas ocorre de forma reativa, dependendo da iniciativa da pessoa com defici\u00eancia em identificar barreiras e formalizar pedidos.<\/p>\n<p>O autor do projeto original \u2013 Projeto de Lei 7162\/25 \u2013, deputado Amom Mandel (Cidadania-AM), argumenta que esse modelo imp\u00f5e um \u00f4nus desproporcional ao cidad\u00e3o.<\/p>\n<p><strong>Mudan\u00e7as aprovadas<\/strong><br \/>\nA comiss\u00e3o aprovou o <span class=\"termoGlossario\">substitutivo<\/span> da relatora, deputada Silvia Cristina (PP-RO), que optou por ajustar a reda\u00e7\u00e3o original do projeto &#8220;acomoda\u00e7\u00e3o razo\u00e1vel ativa e obrigat\u00f3ria&#8221; para evitar conflitos com conceitos j\u00e1 estabelecidos em tratados internacionais.<\/p>\n<p>Em vez de criar um novo termo jur\u00eddico, a deputada inseriu a obrigatoriedade da atua\u00e7\u00e3o preventiva diretamente na defini\u00e7\u00e3o de \u201cadapta\u00e7\u00f5es razo\u00e1veis\u201d j\u00e1 existente na lei.<\/p>\n<p>&#8220;A promo\u00e7\u00e3o de ambientes acess\u00edveis desde sua concep\u00e7\u00e3o reduz a necessidade de adapta\u00e7\u00f5es posteriores, amplia a autonomia das pessoas com defici\u00eancia e contribui para a consolida\u00e7\u00e3o de uma cultura institucional de inclus\u00e3o&#8221;, afirmou a relatora.<\/p>\n<p>A proposta busca alinhar a legisla\u00e7\u00e3o brasileira a padr\u00f5es internacionais, como os aplicados nos Estados Unidos e no Canad\u00e1, onde a aus\u00eancia de ajustes preventivos pode ser considerada discrimina\u00e7\u00e3o.<\/p>\n<p><strong>Pr\u00f3ximas etapas<br \/>\n<\/strong>A proposta ser\u00e1 ainda analisada, em <span class=\"termoGlossario\">car\u00e1ter conclusivo<\/span>, pela Comiss\u00e3o de Constitui\u00e7\u00e3o e Justi\u00e7a e de Cidadania.<\/p>\n<p>Para virar lei, o texto deve ser aprovado pela C\u00e2mara e pelo Senado.<\/p>\n<p><a href=\"https:\/\/www.camara.leg.br\/noticias\/573454-SAIBA-MAIS-SOBRE-A-TRAMITACAO-DE-PROJETOS-DE-LEI\">Saiba mais sobre a tramita\u00e7\u00e3o de projetos de lei<\/a><\/p>","protected":false},"excerpt":{"rendered":"<p>Vinicius Loures \/ C\u00e2mara dos Deputados Silvia Cristina recomendou a aprova\u00e7\u00e3o do projeto, com mudan\u00e7as A Comiss\u00e3o de Defesa dos Direitos das Pessoas com Defici\u00eancia da C\u00e2mara dos Deputados aprovou projeto de lei que inclui o car\u00e1ter preventivo nas chamadas &#8220;adapta\u00e7\u00f5es razo\u00e1veis&#8221; previstas no Estatuto da Pessoa com Defici\u00eancia. O objetivo \u00e9 deixar claro na [&hellip;]<\/p>\n","protected":false},"author":0,"featured_media":0,"comment_status":"open","ping_status":"open","sticky":false,"template":"","format":"standard","meta":{"footnotes":""},"categories":[1],"tags":[],"_links":{"self":[{"href":"https:\/\/jeffersonisac.adv.br\/index.php\/wp-json\/wp\/v2\/posts\/16036"}],"collection":[{"href":"https:\/\/jeffersonisac.adv.br\/index.php\/wp-json\/wp\/v2\/posts"}],"about":[{"href":"https:\/\/jeffersonisac.adv.br\/index.php\/wp-json\/wp\/v2\/types\/post"}],"replies":[{"embeddable":true,"href":"https:\/\/jeffersonisac.adv.br\/index.php\/wp-json\/wp\/v2\/comments?post=16036"}],"version-history":[{"count":0,"href":"https:\/\/jeffersonisac.adv.br\/index.php\/wp-json\/wp\/v2\/posts\/16036\/revisions"}],"wp:attachment":[{"href":"https:\/\/jeffersonisac.adv.br\/index.php\/wp-json\/wp\/v2\/media?parent=16036"}],"wp:term":[{"taxonomy":"category","embeddable":true,"href":"https:\/\/jeffersonisac.adv.br\/index.php\/wp-json\/wp\/v2\/categories?post=16036"},{"taxonomy":"post_tag","embeddable":true,"href":"https:\/\/jeffersonisac.adv.br\/index.php\/wp-json\/wp\/v2\/tags?post=16036"}],"curies":[{"name":"wp","href":"https:\/\/api.w.org\/{rel}","templated":true}]}}