{"id":16037,"date":"2026-04-07T21:24:31","date_gmt":"2026-04-08T00:24:31","guid":{"rendered":"https:\/\/jeffersonisac.adv.br\/index.php\/2026\/04\/07\/falta-de-implementacao-de-lei-de-prevencao-ao-suicidio-preocupa-deputados-e-especialistas\/"},"modified":"2026-04-07T21:24:31","modified_gmt":"2026-04-08T00:24:31","slug":"falta-de-implementacao-de-lei-de-prevencao-ao-suicidio-preocupa-deputados-e-especialistas","status":"publish","type":"post","link":"https:\/\/jeffersonisac.adv.br\/index.php\/2026\/04\/07\/falta-de-implementacao-de-lei-de-prevencao-ao-suicidio-preocupa-deputados-e-especialistas\/","title":{"rendered":"Falta de implementa\u00e7\u00e3o de lei de preven\u00e7\u00e3o ao suic\u00eddio preocupa deputados e especialistas"},"content":{"rendered":"<div class=\"image-container\">\n<div class=\"midia-creditos\"><em>Zeca Ribeiro \/ C\u00e2mara dos Deputados<\/em><\/div>\n<div class=\"media-wrapper\"><\/div>\n<div class=\"midia-legenda\">Rog\u00e9ria Santos chamou a aten\u00e7\u00e3o para o crescimento dos casos de automutila\u00e7\u00e3o<\/div>\n<\/div>\n<p>A Comiss\u00e3o de Previd\u00eancia, Assist\u00eancia Social, Inf\u00e2ncia, Adolesc\u00eancia e Fam\u00edlia da C\u00e2mara dos Deputados realizou, nesta ter\u00e7a-feira (7), audi\u00eancia p\u00fablica para avaliar os desafios da <a class=\"linkLegislacao\" href=\"https:\/\/www2.camara.gov.br\/legin\/fed\/lei\/2019\/lei-13819-26-abril-2019-788025-norma-pl.html\">Lei 13.819\/19<\/a>. A norma instituiu a Pol\u00edtica Nacional de Preven\u00e7\u00e3o da Automutila\u00e7\u00e3o e do Suic\u00eddio, que completa sete anos de vig\u00eancia no pr\u00f3ximo dia 26 de abril.<\/p>\n<p>O debate foi proposto pela deputada Rog\u00e9ria Santos (Republicanos-BA). A parlamentar destacou o crescimento &#8220;assustador&#8221; dos n\u00fameros de automutila\u00e7\u00e3o e suic\u00eddio entre crian\u00e7as, adolescentes e jovens.<\/p>\n<p>&#8220;Precisamos analisar se a legisla\u00e7\u00e3o realmente saiu do papel e se tem cumprido seu maior objetivo, que \u00e9 prevenir e combater esses comportamentos&#8221;, afirmou.<\/p>\n<p><strong>Cobran\u00e7a por notifica\u00e7\u00f5es<\/strong><br \/>\nO deputado Osmar Terra (PL-RS), autor da proposta que deu origem \u00e0 lei em debate, criticou a falta de aplica\u00e7\u00e3o pr\u00e1tica da norma. Para ele, a notifica\u00e7\u00e3o obrigat\u00f3ria de casos detectados em escolas e unidades de sa\u00fade ainda n\u00e3o \u00e9 uma realidade.<\/p>\n<p>&#8220;A lei n\u00e3o est\u00e1 implementada como uma prioridade. \u00c9 preciso capacitar professores e profissionais de sa\u00fade para detectar precocemente transtornos de humor&#8221;, defendeu o parlamentar.<\/p>\n<p>Terra citou sua experi\u00eancia como gestor no Rio Grande do Sul, onde a busca ativa reduziu em 17% os \u00edndices de suic\u00eddio em dois anos.<\/p>\n<div class=\"image-container\">\n<div class=\"midia-creditos\"><em>Zeca Ribeiro \/ C\u00e2mara dos Deputados<\/em><\/div>\n<div class=\"media-wrapper\"><\/div>\n<div class=\"midia-legenda\">Terra: capacita\u00e7\u00e3o de professores e profissionais de sa\u00fade pode detectar precocemente transtornos de humor<\/div>\n<\/div>\n<p><strong>Minist\u00e9rio da Educa\u00e7\u00e3o<\/strong><br \/>\nRepresentantes do governo detalharam as a\u00e7\u00f5es em andamento, mas refor\u00e7aram os limites da atua\u00e7\u00e3o federal devido \u00e0 autonomia de estados e munic\u00edpios.<\/p>\n<p>Consultor do Minist\u00e9rio da Educa\u00e7\u00e3o (MEC), Alexandre Augusto Rodrigues informou que existem 12 cursos de aten\u00e7\u00e3o psicossocial e sa\u00fade mental no ambiente virtual Avamec, com mais de 420 mil acessos.<\/p>\n<p>O coordenador-geral de Pol\u00edticas Educacionais em Direitos Humanos, Erasto Fortes Mendon\u00e7a, ressaltou que o MEC atua na indu\u00e7\u00e3o de pol\u00edticas e apoio t\u00e9cnico.<\/p>\n<p>&#8220;A preven\u00e7\u00e3o nas escolas exige um esfor\u00e7o articulado com a rede de aten\u00e7\u00e3o psicossocial e conselhos tutelares&#8221;, explicou.<\/p>\n<p>Sobre a obrigatoriedade de cursos para professores, Mendon\u00e7a esclareceu que o MEC n\u00e3o pode impor diretrizes aos sistemas de ensino locais, mas promove a forma\u00e7\u00e3o continuada por ades\u00e3o.<\/p>\n<p><strong>Rede de Sa\u00fade Mental<\/strong><br \/>\nJ\u00e1 o Minist\u00e9rio da Sa\u00fade destacou a amplia\u00e7\u00e3o da Rede de Aten\u00e7\u00e3o Psicossocial. Segundo o coordenador-geral de Sa\u00fade Mental, Vin\u00edcius Batista Vieira, o governo pretende habilitar todos os novos servi\u00e7os solicitados por munic\u00edpios at\u00e9 junho deste ano.<\/p>\n<p>Vieira tamb\u00e9m mencionou a implementa\u00e7\u00e3o de projetos-piloto de telesa\u00fade mental e a retomada do F\u00f3rum Nacional de Sa\u00fade Mental de Crian\u00e7as e Adolescentes, parado h\u00e1 dez anos.<\/p>\n<p><strong>Aumento dos \u00edndices<\/strong><br \/>\nA psic\u00f3loga Cristiane Nogueira, representante do Conselho Federal de Psicologia, alertou que o Brasil caminha na contram\u00e3o dos pactos mundiais, apresentando aumento nos \u00edndices de suic\u00eddio.<\/p>\n<p>Ela enumerou quest\u00f5es que precisam ser tratadas:<\/p>\n<p>Desigualdade social e falta de projetos de vida;<br \/>\nExcessiva medicaliza\u00e7\u00e3o de crian\u00e7as e adolescentes;<br \/>\nCar\u00eancia de Centros de Aten\u00e7\u00e3o Psicossocial (CAPS) voltados ao p\u00fablico infantojuvenil.<\/p>\n<p>&#8220;O comportamento suicida \u00e9 um sintoma ps\u00edquico e social. Precisamos sensibilizar os profissionais para que atuem de forma integrada e humanizada&#8221;, concluiu Nogueira.<\/p>\n<p>\u00a0<\/p>\n<div><\/div>\n<p>\u00a0<\/p>","protected":false},"excerpt":{"rendered":"<p>Zeca Ribeiro \/ C\u00e2mara dos Deputados Rog\u00e9ria Santos chamou a aten\u00e7\u00e3o para o crescimento dos casos de automutila\u00e7\u00e3o A Comiss\u00e3o de Previd\u00eancia, Assist\u00eancia Social, Inf\u00e2ncia, Adolesc\u00eancia e Fam\u00edlia da C\u00e2mara dos Deputados realizou, nesta ter\u00e7a-feira (7), audi\u00eancia p\u00fablica para avaliar os desafios da Lei 13.819\/19. A norma instituiu a Pol\u00edtica Nacional de Preven\u00e7\u00e3o da Automutila\u00e7\u00e3o [&hellip;]<\/p>\n","protected":false},"author":0,"featured_media":0,"comment_status":"open","ping_status":"open","sticky":false,"template":"","format":"standard","meta":{"footnotes":""},"categories":[1],"tags":[],"_links":{"self":[{"href":"https:\/\/jeffersonisac.adv.br\/index.php\/wp-json\/wp\/v2\/posts\/16037"}],"collection":[{"href":"https:\/\/jeffersonisac.adv.br\/index.php\/wp-json\/wp\/v2\/posts"}],"about":[{"href":"https:\/\/jeffersonisac.adv.br\/index.php\/wp-json\/wp\/v2\/types\/post"}],"replies":[{"embeddable":true,"href":"https:\/\/jeffersonisac.adv.br\/index.php\/wp-json\/wp\/v2\/comments?post=16037"}],"version-history":[{"count":0,"href":"https:\/\/jeffersonisac.adv.br\/index.php\/wp-json\/wp\/v2\/posts\/16037\/revisions"}],"wp:attachment":[{"href":"https:\/\/jeffersonisac.adv.br\/index.php\/wp-json\/wp\/v2\/media?parent=16037"}],"wp:term":[{"taxonomy":"category","embeddable":true,"href":"https:\/\/jeffersonisac.adv.br\/index.php\/wp-json\/wp\/v2\/categories?post=16037"},{"taxonomy":"post_tag","embeddable":true,"href":"https:\/\/jeffersonisac.adv.br\/index.php\/wp-json\/wp\/v2\/tags?post=16037"}],"curies":[{"name":"wp","href":"https:\/\/api.w.org\/{rel}","templated":true}]}}