{"id":16039,"date":"2026-04-08T10:24:38","date_gmt":"2026-04-08T13:24:38","guid":{"rendered":"https:\/\/jeffersonisac.adv.br\/index.php\/2026\/04\/08\/debatedores-defendem-qualidade-na-formacao-medica-no-brasil-assista\/"},"modified":"2026-04-08T10:24:38","modified_gmt":"2026-04-08T13:24:38","slug":"debatedores-defendem-qualidade-na-formacao-medica-no-brasil-assista","status":"publish","type":"post","link":"https:\/\/jeffersonisac.adv.br\/index.php\/2026\/04\/08\/debatedores-defendem-qualidade-na-formacao-medica-no-brasil-assista\/","title":{"rendered":"Debatedores defendem qualidade na forma\u00e7\u00e3o m\u00e9dica no Brasil; assista"},"content":{"rendered":"<div class=\"video-container youtube youtube-100\">\n<div class=\"midia-creditos\"><em>YouTube<\/em><\/div>\n\n<div class=\"midia-legenda\"><\/div>\n<\/div>\n<p>\u00a0<\/p>\n<p>Os avan\u00e7os tecnol\u00f3gicos aumentaram a expectativa de vida, com o acesso a rem\u00e9dios e tratamentos. Mas a vida moderna tamb\u00e9m traz novos desafios: aumento de doen\u00e7as cr\u00f4nicas evit\u00e1veis, sedentarismo e mais amea\u00e7as \u00e0 sa\u00fade mental.<\/p>\n<p>Na C\u00e2mara dos Deputados, uma sess\u00e3o solene lembrou o Dia Mundial da Sa\u00fade, comemorado em 7 de abril.<\/p>\n<p>O deputado Dr. Luiz Ovando (PP-MS), um dos autores do pedido de realiza\u00e7\u00e3o da solene, defendeu a prioriza\u00e7\u00e3o da aten\u00e7\u00e3o b\u00e1sica para melhorar a vida das pessoas. &#8220;Sem sa\u00fade n\u00e3o h\u00e1 produtividade. Sem sa\u00fade, n\u00e3o h\u00e1 dignidade. Sem sa\u00fade, n\u00e3o h\u00e1 futuro. E por isso o Estado deve garantir acesso, mas o cidad\u00e3o tamb\u00e9m deve assumir o seu papel. O Brasil precisa parar de tratar consequ\u00eancias e come\u00e7ar a enfrentar as causas&#8221;, disse Dr. Ovando.<\/p>\n<p>Ele defendeu ainda a valoriza\u00e7\u00e3o da aten\u00e7\u00e3o prim\u00e1ria e do papel essencial do m\u00e9dico cl\u00ednico.<\/p>\n<p><strong>&#8220;OAB da Medicina&#8221;<\/strong><br \/>\nA vice-presidente do Conselho Federal de Medicina, Rosilane Nascimento Rocha, defendeu a aprova\u00e7\u00e3o do projeto de lei (PL 448\/26) que cria o exame nacional de profici\u00eancia em medicina (Profimed), mais conhecido como &#8220;OAB da Medicina&#8221;.<\/p>\n<p>O texto est\u00e1 em an\u00e1lise na C\u00e2mara e pode ser votado no plen\u00e1rio ainda no primeiro semestre.<\/p>\n<p>\u00a0<\/p>\n<p>\u00a0<\/p>\n<div><\/div>\n<p>\u00a0<\/p>","protected":false},"excerpt":{"rendered":"<p>YouTube \u00a0 Os avan\u00e7os tecnol\u00f3gicos aumentaram a expectativa de vida, com o acesso a rem\u00e9dios e tratamentos. Mas a vida moderna tamb\u00e9m traz novos desafios: aumento de doen\u00e7as cr\u00f4nicas evit\u00e1veis, sedentarismo e mais amea\u00e7as \u00e0 sa\u00fade mental. Na C\u00e2mara dos Deputados, uma sess\u00e3o solene lembrou o Dia Mundial da Sa\u00fade, comemorado em 7 de abril. [&hellip;]<\/p>\n","protected":false},"author":0,"featured_media":0,"comment_status":"open","ping_status":"open","sticky":false,"template":"","format":"standard","meta":{"footnotes":""},"categories":[1],"tags":[],"_links":{"self":[{"href":"https:\/\/jeffersonisac.adv.br\/index.php\/wp-json\/wp\/v2\/posts\/16039"}],"collection":[{"href":"https:\/\/jeffersonisac.adv.br\/index.php\/wp-json\/wp\/v2\/posts"}],"about":[{"href":"https:\/\/jeffersonisac.adv.br\/index.php\/wp-json\/wp\/v2\/types\/post"}],"replies":[{"embeddable":true,"href":"https:\/\/jeffersonisac.adv.br\/index.php\/wp-json\/wp\/v2\/comments?post=16039"}],"version-history":[{"count":0,"href":"https:\/\/jeffersonisac.adv.br\/index.php\/wp-json\/wp\/v2\/posts\/16039\/revisions"}],"wp:attachment":[{"href":"https:\/\/jeffersonisac.adv.br\/index.php\/wp-json\/wp\/v2\/media?parent=16039"}],"wp:term":[{"taxonomy":"category","embeddable":true,"href":"https:\/\/jeffersonisac.adv.br\/index.php\/wp-json\/wp\/v2\/categories?post=16039"},{"taxonomy":"post_tag","embeddable":true,"href":"https:\/\/jeffersonisac.adv.br\/index.php\/wp-json\/wp\/v2\/tags?post=16039"}],"curies":[{"name":"wp","href":"https:\/\/api.w.org\/{rel}","templated":true}]}}