{"id":16040,"date":"2026-04-08T10:24:38","date_gmt":"2026-04-08T13:24:38","guid":{"rendered":"https:\/\/jeffersonisac.adv.br\/index.php\/2026\/04\/08\/camara-pode-votar-proposta-que-garante-recursos-para-a-assistencia-social\/"},"modified":"2026-04-08T10:24:38","modified_gmt":"2026-04-08T13:24:38","slug":"camara-pode-votar-proposta-que-garante-recursos-para-a-assistencia-social","status":"publish","type":"post","link":"https:\/\/jeffersonisac.adv.br\/index.php\/2026\/04\/08\/camara-pode-votar-proposta-que-garante-recursos-para-a-assistencia-social\/","title":{"rendered":"C\u00e2mara pode votar proposta que garante recursos para a assist\u00eancia social"},"content":{"rendered":"<div class=\"image-container\">\n<div class=\"midia-creditos\"><em>Vinicius Loures \/ C\u00e2mara dos Deputados<\/em><\/div>\n<div class=\"media-wrapper\"><\/div>\n<div class=\"midia-legenda\">Plen\u00e1rio da C\u00e2mara durante sess\u00e3o de vota\u00e7\u00f5es<\/div>\n<\/div>\n<p>O Plen\u00e1rio da C\u00e2mara dos Deputados pode votar, nesta quarta-feira (8), a\u00a0<a class=\"linkProposicao\" href=\"https:\/\/www.camara.leg.br\/noticias\/542380-proposta-destina-a-assistencia-social-1-da-receita-corrente-liquida\">Proposta de Emenda \u00e0 Constitui\u00e7\u00e3o (PEC) 383\/17<\/a>, do ex-deputado Danilo Cabral (PE), que altera o texto constitucional para garantir recursos m\u00ednimos para o financiamento do Sistema \u00danico de Assist\u00eancia Social (Suas). A sess\u00e3o de vota\u00e7\u00f5es est\u00e1 marcada para as 13h55.<\/p>\n<p>A proposta prev\u00ea a aplica\u00e7\u00e3o anual de, no m\u00ednimo, 1% da <span class=\"termoGlossario\">receita corrente l\u00edquida<\/span> (RCL) da Uni\u00e3o prevista para o ano na assist\u00eancia social.\u00a0A medida \u00e9 aguardada pelo setor como um marco para a sustentabilidade financeira da assist\u00eancia no Brasil.<\/p>\n<p><a href=\"https:\/\/www.camara.leg.br\/noticias\/1259625-MOTTA-QUER-VOTAR-NESTA-SEMANA-FINANCIAMENTO-MINIMO-PARA-ASSISTENCIA-SOCIAL-NO-BRASIL\">A vota\u00e7\u00e3o da proposta foi anunciada na semana passada pelo presidente da C\u00e2mara, deputado Hugo Motta (Republicanos-PB)<\/a>. De acordo com ele, a aprova\u00e7\u00e3o garantir\u00e1 investimentos nos programas sociais.<\/p>\n<p><strong>Rastreabilidade do ouro<\/strong><br \/>\n<span>Outro item em pauta \u00e9 o\u00a0<a href=\"https:\/\/www.camara.leg.br\/noticias\/972213-projeto-do-governo-cria-novo-marco-normativo-para-mercado-de-ouro-no-brasil\" target=\"_blank\" rel=\"noopener\">Projeto de Lei 3025\/23<\/a>, do Poder Executivo, que cria normas para o controle da origem, da compra, da venda e do transporte de ouro no territ\u00f3rio nacional.<\/span>\u00a0A proposta altera a <a class=\"linkLegislacao\" href=\"https:\/\/www2.camara.gov.br\/legin\/fed\/lei\/1989\/lei-7766-11-maio-1989-365413-norma-pl.html\">Lei 7.766\/89<\/a>, que trata do imposto sobre opera\u00e7\u00f5es financeiras ligadas ao ouro.<\/p>\n<p>O texto:<\/p>\n<p>elimina a presun\u00e7\u00e3o de boa-f\u00e9 na comprova\u00e7\u00e3o da origem do metal;<br \/>\ntorna obrigat\u00f3ria a emiss\u00e3o de nota fiscal eletr\u00f4nica nas opera\u00e7\u00f5es com ouro; e<br \/>\nprev\u00ea um sistema de rastreabilidade segura, com marca\u00e7\u00e3o f\u00edsica e registro das transa\u00e7\u00f5es.<\/p>\n<div class=\"info-pauta js-read-more-parent\"><strong>Combust\u00edveis<br \/>\n<\/strong><span>Tamb\u00e9m pode ser votado o\u00a0<a href=\"https:\/\/www.camara.leg.br\/noticias\/1139249-projeto-reajusta-multa-por-adulteracao-de-combustiveis-e-reforca-fiscalizacao\" target=\"_blank\" rel=\"noopener\">Projeto de Lei 399\/25<\/a>, do deputado Fl\u00e1vio Nogueira (PT-PI), que altera a legisla\u00e7\u00e3o sobre a qualidade dos combust\u00edveis no pa\u00eds para refor\u00e7ar os mecanismos de penaliza\u00e7\u00e3o de infra\u00e7\u00f5es e a fiscaliza\u00e7\u00e3o do setor.<\/span><\/div>\n<div><\/div>\n<div class=\"info-pauta js-read-more-parent\">Entre outros pontos, o texto reajusta a multa por adultera\u00e7\u00e3o de combust\u00edveis.<\/div>\n<div><\/div>\n<div class=\"info-pauta js-read-more-parent\">O projeto tamb\u00e9m estabelece a possibilidade de a Ag\u00eancia Nacional do Petr\u00f3leo, G\u00e1s Natural e Biocombust\u00edveis (ANP) adotar, como medida cautelar, a suspens\u00e3o da autoriza\u00e7\u00e3o de funcionamento em diversas situa\u00e7\u00f5es.<\/div>\n<div><\/div>\n<div class=\"info-pauta js-read-more-parent\">Tamb\u00e9m est\u00e3o em pauta:<\/div>\n<p><a class=\"linkProposicao\" href=\"https:\/\/www.camara.leg.br\/noticias\/1137050-projeto-proibe-clausula-em-convencao-condominial-que-restrinja-a-locacao-de-imovel-para-partidos\">PL 4397\/24<\/a>, do deputado Isnaldo Bulh\u00f5es Jr (MDB-AL), que pro\u00edbe conven\u00e7\u00e3o de condom\u00ednio de restringir a loca\u00e7\u00e3o de im\u00f3veis comerciais para partidos pol\u00edticos; e<br \/>\nPL 4553\/25, de <a href=\"https:\/\/www.camara.leg.br\/proposicoesWeb\/prop_autores?idProposicao=2560757\">diversos deputados<\/a>, que cria o Portal Nacional de Informa\u00e7\u00f5es Estrat\u00e9gicas Socioambientais, Clim\u00e1ticas e Territoriais, denominado Infoclima-Terra-Brasil.<\/p>\n<p><strong>Urg\u00eancia<br \/>\n<\/strong>Os deputados tamb\u00e9m podem analisar pedidos de <span class=\"termoGlossario\">urg\u00eancia<\/span> para quatro projetos:<\/p>\n<p><a class=\"linkProposicao\" href=\"https:\/\/www.camara.leg.br\/noticias\/1046173-proposta-preve-empresas-aereas-sul-americanas-na-amazonia-legal\">PL 539\/24<\/a>, da deputada Cristiane Lopes (Uni\u00e3o-RO), que altera o C\u00f3digo Brasileiro de Aeron\u00e1utica para permitir a presta\u00e7\u00e3o de servi\u00e7os a\u00e9reos dom\u00e9sticos por empresas sul-americanas na <span class=\"termoGlossario\">Amaz\u00f4nia Legal<\/span>;<br \/>\n<a class=\"linkProposicao\" href=\"https:\/\/www.camara.leg.br\/noticias\/1250694-projeto-aumenta-pena-para-militar-em-caso-de-estupro-de-vulneravel-com-lesao-grave\">PL 4295\/25<\/a>, da deputada Laura Carneiro (PSD-RJ), que aumenta a pena do crime de estupro de vulner\u00e1vel no <a href=\"https:\/\/www2.camara.leg.br\/legin\/fed\/declei\/1960-1969\/decreto-lei-1001-21-outubro-1969-376258-norma-pe.html\">C\u00f3digo Penal Militar<\/a> quando houver les\u00e3o corporal grave;<br \/>\nPL 1123\/25, do deputado Nikolas Ferreira (PL-MG), que determina a aceita\u00e7\u00e3o, pelo SUS, de exames realizados em servi\u00e7os privados, e<br \/>\nPL 3652\/25, do deputado Nikolas Ferreira (PL-MG), que inclui teste vocacional, sem efeito na nota, nas edi\u00e7\u00f5es do 3\u00ba ano do ensino m\u00e9dio do Saeb e do Enem.<\/p>\n<p>&#8211; <a href=\"https:\/\/www.camara.leg.br\/evento-legislativo\/81545\">Veja a pauta<\/a><\/p>","protected":false},"excerpt":{"rendered":"<p>Vinicius Loures \/ C\u00e2mara dos Deputados Plen\u00e1rio da C\u00e2mara durante sess\u00e3o de vota\u00e7\u00f5es O Plen\u00e1rio da C\u00e2mara dos Deputados pode votar, nesta quarta-feira (8), a\u00a0Proposta de Emenda \u00e0 Constitui\u00e7\u00e3o (PEC) 383\/17, do ex-deputado Danilo Cabral (PE), que altera o texto constitucional para garantir recursos m\u00ednimos para o financiamento do Sistema \u00danico de Assist\u00eancia Social (Suas). [&hellip;]<\/p>\n","protected":false},"author":0,"featured_media":0,"comment_status":"open","ping_status":"open","sticky":false,"template":"","format":"standard","meta":{"footnotes":""},"categories":[1],"tags":[],"_links":{"self":[{"href":"https:\/\/jeffersonisac.adv.br\/index.php\/wp-json\/wp\/v2\/posts\/16040"}],"collection":[{"href":"https:\/\/jeffersonisac.adv.br\/index.php\/wp-json\/wp\/v2\/posts"}],"about":[{"href":"https:\/\/jeffersonisac.adv.br\/index.php\/wp-json\/wp\/v2\/types\/post"}],"replies":[{"embeddable":true,"href":"https:\/\/jeffersonisac.adv.br\/index.php\/wp-json\/wp\/v2\/comments?post=16040"}],"version-history":[{"count":0,"href":"https:\/\/jeffersonisac.adv.br\/index.php\/wp-json\/wp\/v2\/posts\/16040\/revisions"}],"wp:attachment":[{"href":"https:\/\/jeffersonisac.adv.br\/index.php\/wp-json\/wp\/v2\/media?parent=16040"}],"wp:term":[{"taxonomy":"category","embeddable":true,"href":"https:\/\/jeffersonisac.adv.br\/index.php\/wp-json\/wp\/v2\/categories?post=16040"},{"taxonomy":"post_tag","embeddable":true,"href":"https:\/\/jeffersonisac.adv.br\/index.php\/wp-json\/wp\/v2\/tags?post=16040"}],"curies":[{"name":"wp","href":"https:\/\/api.w.org\/{rel}","templated":true}]}}