{"id":16041,"date":"2026-04-08T11:25:02","date_gmt":"2026-04-08T14:25:02","guid":{"rendered":"https:\/\/jeffersonisac.adv.br\/index.php\/2026\/04\/08\/comissao-debate-prioridades-na-area-de-direitos-humanos-participe\/"},"modified":"2026-04-08T11:25:02","modified_gmt":"2026-04-08T14:25:02","slug":"comissao-debate-prioridades-na-area-de-direitos-humanos-participe","status":"publish","type":"post","link":"https:\/\/jeffersonisac.adv.br\/index.php\/2026\/04\/08\/comissao-debate-prioridades-na-area-de-direitos-humanos-participe\/","title":{"rendered":"Comiss\u00e3o debate prioridades na \u00e1rea de direitos humanos; participe"},"content":{"rendered":"<div class=\"image-container\">\n<div class=\"midia-creditos\"><em>Kayo Magalh\u00e3es \/ C\u00e2mara dos Deputados<\/em><\/div>\n<div class=\"media-wrapper\"><\/div>\n<div class=\"midia-legenda\">Alice Portugal prop\u00f4s a realiza\u00e7\u00e3o do evento<\/div>\n<\/div>\n<p>A Comiss\u00e3o de Direitos Humanos, Minorias e Igualdade Racial da C\u00e2mara dos Deputados realiza nesta quinta-feira (9) a Jornada de Direitos Humanos 2026.<\/p>\n<p><a href=\"https:\/\/www.camara.leg.br\/evento-legislativo\/81434\">Veja quem foi convidado e envie suas perguntas<\/a><\/p>\n<p>O debate foi solicitado pela deputada Alice Portugal (PCdoB-BA) e vai reunir representa\u00e7\u00f5es da sociedade civil, movimentos sociais e agentes p\u00fablicos que atuam na \u00e1rea. O objetivo \u00e9 construir uma agenda de prioridades comuns.<\/p>\n<p>\u201cO evento serve para orientar as atividades do colegiado durante o ano, mantendo a tradi\u00e7\u00e3o do di\u00e1logo aberto com a sociedade civil organizada e a oitiva dos grupos que atuam no setor\u201d, afirma.<\/p>\n<p>A reuni\u00e3o ser\u00e1 realizada no plen\u00e1rio 9, \u00e0s 9 horas.<\/p>","protected":false},"excerpt":{"rendered":"<p>Kayo Magalh\u00e3es \/ C\u00e2mara dos Deputados Alice Portugal prop\u00f4s a realiza\u00e7\u00e3o do evento A Comiss\u00e3o de Direitos Humanos, Minorias e Igualdade Racial da C\u00e2mara dos Deputados realiza nesta quinta-feira (9) a Jornada de Direitos Humanos 2026. Veja quem foi convidado e envie suas perguntas O debate foi solicitado pela deputada Alice Portugal (PCdoB-BA) e vai [&hellip;]<\/p>\n","protected":false},"author":0,"featured_media":0,"comment_status":"open","ping_status":"open","sticky":false,"template":"","format":"standard","meta":{"footnotes":""},"categories":[1],"tags":[],"_links":{"self":[{"href":"https:\/\/jeffersonisac.adv.br\/index.php\/wp-json\/wp\/v2\/posts\/16041"}],"collection":[{"href":"https:\/\/jeffersonisac.adv.br\/index.php\/wp-json\/wp\/v2\/posts"}],"about":[{"href":"https:\/\/jeffersonisac.adv.br\/index.php\/wp-json\/wp\/v2\/types\/post"}],"replies":[{"embeddable":true,"href":"https:\/\/jeffersonisac.adv.br\/index.php\/wp-json\/wp\/v2\/comments?post=16041"}],"version-history":[{"count":0,"href":"https:\/\/jeffersonisac.adv.br\/index.php\/wp-json\/wp\/v2\/posts\/16041\/revisions"}],"wp:attachment":[{"href":"https:\/\/jeffersonisac.adv.br\/index.php\/wp-json\/wp\/v2\/media?parent=16041"}],"wp:term":[{"taxonomy":"category","embeddable":true,"href":"https:\/\/jeffersonisac.adv.br\/index.php\/wp-json\/wp\/v2\/categories?post=16041"},{"taxonomy":"post_tag","embeddable":true,"href":"https:\/\/jeffersonisac.adv.br\/index.php\/wp-json\/wp\/v2\/tags?post=16041"}],"curies":[{"name":"wp","href":"https:\/\/api.w.org\/{rel}","templated":true}]}}