{"id":16043,"date":"2026-04-08T12:24:33","date_gmt":"2026-04-08T15:24:33","guid":{"rendered":"https:\/\/jeffersonisac.adv.br\/index.php\/2026\/04\/08\/comissao-discute-desafios-do-instituto-nacional-de-meteorologia-frente-a-mudancas-climaticas\/"},"modified":"2026-04-08T12:24:33","modified_gmt":"2026-04-08T15:24:33","slug":"comissao-discute-desafios-do-instituto-nacional-de-meteorologia-frente-a-mudancas-climaticas","status":"publish","type":"post","link":"https:\/\/jeffersonisac.adv.br\/index.php\/2026\/04\/08\/comissao-discute-desafios-do-instituto-nacional-de-meteorologia-frente-a-mudancas-climaticas\/","title":{"rendered":"Comiss\u00e3o discute desafios do Instituto Nacional de Meteorologia frente a mudan\u00e7as clim\u00e1ticas"},"content":{"rendered":"<div class=\"image-container\">\n<div class=\"midia-creditos\"><em>Kayo Magalh\u00e3es \/ C\u00e2mara dos Deputados<\/em><\/div>\n<div class=\"media-wrapper\"><\/div>\n<div class=\"midia-legenda\">Erika Kokay prop\u00f4s a realiza\u00e7\u00e3o do debate<\/div>\n<\/div>\n<p>A Comiss\u00e3o de Administra\u00e7\u00e3o e Servi\u00e7o P\u00fablico da C\u00e2mara dos Deputados promove audi\u00eancia p\u00fablica nesta quinta-feira (9) para discutir as perspectivas e os desafios do Instituto Nacional de Meteorologia (Inmet) diante das mudan\u00e7as clim\u00e1ticas.<\/p>\n<p>A reuni\u00e3o ser\u00e1 realizada no plen\u00e1rio 8, \u00e0s 15 horas.<\/p>\n<p>\u00a0<a href=\"https:\/\/www.camara.leg.br\/evento-legislativo\/81474\">Veja quem foi convidado<\/a><\/p>\n<p>O debate foi solicitado pela deputada Erika Kokay (PT-DF). Ela destaca a import\u00e2ncia de fortalecer o Inmet devido ao aumento de eventos extremos, como secas prolongadas, chuvas intensas, ondas de calor e tempestades severas.<\/p>\n<p>A parlamentar acrescenta que o \u00f3rg\u00e3o desempenha papel essencial na produ\u00e7\u00e3o de dados, no monitoramento do tempo e do clima e na emiss\u00e3o de alertas que subsidiam pol\u00edticas p\u00fablicas e decis\u00f5es governamentais.<\/p>\n<p>&#8220;O Inmet enfrenta dificuldades relacionadas \u00e0 moderniza\u00e7\u00e3o tecnol\u00f3gica, \u00e0 recomposi\u00e7\u00e3o de pessoal, \u00e0 manuten\u00e7\u00e3o da infraestrutura e \u00e0 amplia\u00e7\u00e3o da capacidade de resposta&#8221;, listou Erika Kokay.<\/p>","protected":false},"excerpt":{"rendered":"<p>Kayo Magalh\u00e3es \/ C\u00e2mara dos Deputados Erika Kokay prop\u00f4s a realiza\u00e7\u00e3o do debate A Comiss\u00e3o de Administra\u00e7\u00e3o e Servi\u00e7o P\u00fablico da C\u00e2mara dos Deputados promove audi\u00eancia p\u00fablica nesta quinta-feira (9) para discutir as perspectivas e os desafios do Instituto Nacional de Meteorologia (Inmet) diante das mudan\u00e7as clim\u00e1ticas. A reuni\u00e3o ser\u00e1 realizada no plen\u00e1rio 8, \u00e0s [&hellip;]<\/p>\n","protected":false},"author":0,"featured_media":0,"comment_status":"open","ping_status":"open","sticky":false,"template":"","format":"standard","meta":{"footnotes":""},"categories":[1],"tags":[],"_links":{"self":[{"href":"https:\/\/jeffersonisac.adv.br\/index.php\/wp-json\/wp\/v2\/posts\/16043"}],"collection":[{"href":"https:\/\/jeffersonisac.adv.br\/index.php\/wp-json\/wp\/v2\/posts"}],"about":[{"href":"https:\/\/jeffersonisac.adv.br\/index.php\/wp-json\/wp\/v2\/types\/post"}],"replies":[{"embeddable":true,"href":"https:\/\/jeffersonisac.adv.br\/index.php\/wp-json\/wp\/v2\/comments?post=16043"}],"version-history":[{"count":0,"href":"https:\/\/jeffersonisac.adv.br\/index.php\/wp-json\/wp\/v2\/posts\/16043\/revisions"}],"wp:attachment":[{"href":"https:\/\/jeffersonisac.adv.br\/index.php\/wp-json\/wp\/v2\/media?parent=16043"}],"wp:term":[{"taxonomy":"category","embeddable":true,"href":"https:\/\/jeffersonisac.adv.br\/index.php\/wp-json\/wp\/v2\/categories?post=16043"},{"taxonomy":"post_tag","embeddable":true,"href":"https:\/\/jeffersonisac.adv.br\/index.php\/wp-json\/wp\/v2\/tags?post=16043"}],"curies":[{"name":"wp","href":"https:\/\/api.w.org\/{rel}","templated":true}]}}