{"id":16044,"date":"2026-04-08T12:24:33","date_gmt":"2026-04-08T15:24:33","guid":{"rendered":"https:\/\/jeffersonisac.adv.br\/index.php\/2026\/04\/08\/comissao-debate-seguranca-publica-e-valorizacao-dos-veteranos-no-brasil\/"},"modified":"2026-04-08T12:24:33","modified_gmt":"2026-04-08T15:24:33","slug":"comissao-debate-seguranca-publica-e-valorizacao-dos-veteranos-no-brasil","status":"publish","type":"post","link":"https:\/\/jeffersonisac.adv.br\/index.php\/2026\/04\/08\/comissao-debate-seguranca-publica-e-valorizacao-dos-veteranos-no-brasil\/","title":{"rendered":"Comiss\u00e3o debate seguran\u00e7a p\u00fablica e valoriza\u00e7\u00e3o dos veteranos no Brasil"},"content":{"rendered":"<div class=\"image-container\">\n<div class=\"midia-creditos\"><em>Vinicius Loures \/ C\u00e2mara dos Deputados<\/em><\/div>\n<div class=\"media-wrapper\"><\/div>\n<div class=\"midia-legenda\">Coronel Meira pediu o debate<\/div>\n<\/div>\n<p>A Comiss\u00e3o de Seguran\u00e7a P\u00fablica da C\u00e2mara dos Deputados realiza, nesta quinta-feira (9), audi\u00eancia p\u00fablica para discutir o papel desempenhado pelos veteranos das for\u00e7as de seguran\u00e7a p\u00fablica, da ativa ou da reserva, na consolida\u00e7\u00e3o das pol\u00edticas p\u00fablicas de seguran\u00e7a e cidadania. O debate ser\u00e1 realizado \u00e0s 10 horas, no plen\u00e1rio 6.<\/p>\n<p><a href=\"https:\/\/www.camara.leg.br\/evento-legislativo\/81381\">Veja quem foi convidado<\/a><\/p>\n<p>O debate atende a pedido do deputado Coronel Meira (PL-PE). Segundo o parlamentar, a audi\u00eancia tamb\u00e9m tratar\u00e1 de encaminhamentos para a formula\u00e7\u00e3o de pol\u00edticas p\u00fablicas permanentes que assegurem o reconhecimento institucional desses profissionais.<\/p>\n<p>&#8220;Ademais, o debate buscar\u00e1 refletir sobre a necessidade de fortalecer a\u00e7\u00f5es de preven\u00e7\u00e3o social, reinser\u00e7\u00e3o e valoriza\u00e7\u00e3o profissional dos homens e mulheres que dedicaram suas vidas \u00e0 prote\u00e7\u00e3o da sociedade&#8221;, afirmou.<\/p>","protected":false},"excerpt":{"rendered":"<p>Vinicius Loures \/ C\u00e2mara dos Deputados Coronel Meira pediu o debate A Comiss\u00e3o de Seguran\u00e7a P\u00fablica da C\u00e2mara dos Deputados realiza, nesta quinta-feira (9), audi\u00eancia p\u00fablica para discutir o papel desempenhado pelos veteranos das for\u00e7as de seguran\u00e7a p\u00fablica, da ativa ou da reserva, na consolida\u00e7\u00e3o das pol\u00edticas p\u00fablicas de seguran\u00e7a e cidadania. O debate ser\u00e1 [&hellip;]<\/p>\n","protected":false},"author":0,"featured_media":0,"comment_status":"open","ping_status":"open","sticky":false,"template":"","format":"standard","meta":{"footnotes":""},"categories":[1],"tags":[],"_links":{"self":[{"href":"https:\/\/jeffersonisac.adv.br\/index.php\/wp-json\/wp\/v2\/posts\/16044"}],"collection":[{"href":"https:\/\/jeffersonisac.adv.br\/index.php\/wp-json\/wp\/v2\/posts"}],"about":[{"href":"https:\/\/jeffersonisac.adv.br\/index.php\/wp-json\/wp\/v2\/types\/post"}],"replies":[{"embeddable":true,"href":"https:\/\/jeffersonisac.adv.br\/index.php\/wp-json\/wp\/v2\/comments?post=16044"}],"version-history":[{"count":0,"href":"https:\/\/jeffersonisac.adv.br\/index.php\/wp-json\/wp\/v2\/posts\/16044\/revisions"}],"wp:attachment":[{"href":"https:\/\/jeffersonisac.adv.br\/index.php\/wp-json\/wp\/v2\/media?parent=16044"}],"wp:term":[{"taxonomy":"category","embeddable":true,"href":"https:\/\/jeffersonisac.adv.br\/index.php\/wp-json\/wp\/v2\/categories?post=16044"},{"taxonomy":"post_tag","embeddable":true,"href":"https:\/\/jeffersonisac.adv.br\/index.php\/wp-json\/wp\/v2\/tags?post=16044"}],"curies":[{"name":"wp","href":"https:\/\/api.w.org\/{rel}","templated":true}]}}