{"id":16045,"date":"2026-04-08T12:24:34","date_gmt":"2026-04-08T15:24:34","guid":{"rendered":"https:\/\/jeffersonisac.adv.br\/index.php\/2026\/04\/08\/medida-provisoria-cria-regime-emergencial-para-garantir-abastecimento-de-combustiveis\/"},"modified":"2026-04-08T12:24:34","modified_gmt":"2026-04-08T15:24:34","slug":"medida-provisoria-cria-regime-emergencial-para-garantir-abastecimento-de-combustiveis","status":"publish","type":"post","link":"https:\/\/jeffersonisac.adv.br\/index.php\/2026\/04\/08\/medida-provisoria-cria-regime-emergencial-para-garantir-abastecimento-de-combustiveis\/","title":{"rendered":"Medida provis\u00f3ria cria regime emergencial para garantir abastecimento de combust\u00edveis"},"content":{"rendered":"<div class=\"image-container\">\n<div class=\"midia-creditos\"><em>YouTube<\/em><\/div>\n<div class=\"media-wrapper\"><\/div>\n<div class=\"midia-legenda\">Coopera\u00e7\u00e3o da Uni\u00e3o busca sustentar o abastecimento de \u00f3leo diesel rodovi\u00e1rio<\/div>\n<\/div>\n<p>A Medida Provis\u00f3ria (MP) 1349\/26 cria o Regime Emergencial de Abastecimento Interno de Combust\u00edveis, em resposta aos impactos nos pre\u00e7os do petr\u00f3leo e de seus derivados causados pelo atual conflito entre Estados Unidos, Israel e Ir\u00e3.<\/p>\n<p>A MP foi publicada em edi\u00e7\u00e3o extra do Di\u00e1rio Oficial da Uni\u00e3o de ter\u00e7a-feira (7). Segundo o Pal\u00e1cio do Planalto, as medidas buscam garantir a soberania energ\u00e9tica e o abastecimento nacional de derivados de petr\u00f3leo e g\u00e1s natural.<\/p>\n<p><strong>Subven\u00e7\u00e3o<\/strong><br \/>\nO texto autoriza a Uni\u00e3o a cooperar financeiramente com os estados e o Distrito Federal para sustentar o abastecimento de \u00f3leo diesel rodovi\u00e1rio. Com esse apoio ampliado, a subven\u00e7\u00e3o econ\u00f4mica poder\u00e1 chegar a R$ 1,20 por litro.<\/p>\n<p>Inicialmente, nos meses de abril e maio, a subven\u00e7\u00e3o ser\u00e1 de at\u00e9 R$ 4 bilh\u00f5es para a importa\u00e7\u00e3o de \u00f3leo diesel. Do total, at\u00e9 R$ 2 bilh\u00f5es poder\u00e3o ser vinculados \u00e0 ades\u00e3o de estados e do Distrito Federal ao regime de coopera\u00e7\u00e3o.<\/p>\n<p><strong>San\u00e7\u00f5es<\/strong><br \/>\nEntre outros pontos, a medida provis\u00f3ria tamb\u00e9m prev\u00ea san\u00e7\u00f5es em caso de eleva\u00e7\u00e3o abusiva dos pre\u00e7os e de recusa injustificada de fornecimento de combust\u00edveis.<\/p>\n<p>A multa ao infrator vai variar de R$ 50 mil a R$ 500 milh\u00f5es, al\u00e9m da possibilidade de interdi\u00e7\u00e3o das instala\u00e7\u00f5es do fornecedor.<\/p>\n<p>O texto do Poder Executivo tamb\u00e9m altera a <a class=\"linkProposicao\" href=\"https:\/\/www.camara.leg.br\/noticias\/1253765-mp-1340-26-guerra-no-ira-mp-reduz-preco-do-diesel-para-enfrentar-alta-do-petroleo\">Medida Provis\u00f3ria 1340\/26<\/a>, que destinou R$ 10 bilh\u00f5es a subs\u00eddios no diesel; a <a class=\"linkLegislacao\" href=\"https:\/\/www2.camara.gov.br\/legin\/fed\/lei\/1999\/lei-9847-26-outubro-1999-369365-norma-pl.html\">Lei do Abastecimento Nacional de Combust\u00edveis<\/a>; e a <a class=\"linkLegislacao\" href=\"https:\/\/www2.camara.gov.br\/legin\/fed\/lei\/2011\/lei-12462-4-agosto-2011-611147-norma-pl.html\">Lei 12.462\/11<\/a>, que trata do Fundo Nacional de Avia\u00e7\u00e3o Civil (FNAC), para abrir linha de cr\u00e9dito tempor\u00e1ria destinada a empresas a\u00e9reas.<\/p>\n<p><strong>Diesel e g\u00e1s<\/strong><br \/>\nA medida provis\u00f3ria estabelece que importadores habilitados poder\u00e3o receber subven\u00e7\u00e3o direta para o \u00f3leo diesel importado.\u00a0O texto do Poder Executivo tamb\u00e9m altera regras da MP 1340\/26 para ampliar o apoio a esse combust\u00edvel.<\/p>\n<p>No caso do g\u00e1s liquefeito de petr\u00f3leo (GLP), a Uni\u00e3o fica autorizada a conceder subven\u00e7\u00e3o de at\u00e9 R$ 850 por tonelada, entre 1\u00ba de abril e 31 de maio deste ano. O valor global dessa medida estar\u00e1 limitado a R$ 330 milh\u00f5es.<\/p>\n<p>O recebimento dessa subven\u00e7\u00e3o depender\u00e1 da habilita\u00e7\u00e3o dos importadores e distribuidores no regime emergencial.<\/p>\n<p>O texto cria exig\u00eancias de comprova\u00e7\u00e3o de pre\u00e7os, repasse e compartilhamento de informa\u00e7\u00f5es com a Ag\u00eancia Nacional do Petr\u00f3leo, G\u00e1s Natural e Biocombust\u00edveis (ANP).<\/p>\n<p><strong>Avia\u00e7\u00e3o e tarifas<\/strong><br \/>\nO texto do Poder Executivo tamb\u00e9m abre espa\u00e7o para financiamento de capital de giro para o setor a\u00e9reo. Em 2026, a Uni\u00e3o poder\u00e1 conceder at\u00e9 R$ 1 bilh\u00e3o em financiamentos para prestadores de servi\u00e7os a\u00e9reos regulares.<\/p>\n<p>Al\u00e9m disso, posterga o vencimento das tarifas de navega\u00e7\u00e3o a\u00e9rea dos meses de junho, julho e agosto de 2026. O pagamento dessas tarifas passar\u00e1 para o dia 4 de dezembro deste ano.<\/p>\n<p><strong>Pr\u00f3ximos passos<\/strong><br \/>\nA MP 1349\/26 j\u00e1 est\u00e1 em vigor. Para virar lei, ter\u00e1 de ser aprovada por uma comiss\u00e3o mista formada por deputados e senadores e, depois, pelos plen\u00e1rios da C\u00e2mara dos Deputados e do Senado.<\/p>\n<p><a href=\"https:\/\/www.camara.leg.br\/noticias\/573452-saiba-mais-sobre-a-tramitacao-de-mps\/\">Saiba mais sobre a tramita\u00e7\u00e3o de medidas provis\u00f3rias<\/a><\/p>\n<p>\u00a0<\/p>\n<div><\/div>\n<p>\u00a0<\/p>","protected":false},"excerpt":{"rendered":"<p>YouTube Coopera\u00e7\u00e3o da Uni\u00e3o busca sustentar o abastecimento de \u00f3leo diesel rodovi\u00e1rio A Medida Provis\u00f3ria (MP) 1349\/26 cria o Regime Emergencial de Abastecimento Interno de Combust\u00edveis, em resposta aos impactos nos pre\u00e7os do petr\u00f3leo e de seus derivados causados pelo atual conflito entre Estados Unidos, Israel e Ir\u00e3. A MP foi publicada em edi\u00e7\u00e3o extra [&hellip;]<\/p>\n","protected":false},"author":0,"featured_media":0,"comment_status":"open","ping_status":"open","sticky":false,"template":"","format":"standard","meta":{"footnotes":""},"categories":[1],"tags":[],"_links":{"self":[{"href":"https:\/\/jeffersonisac.adv.br\/index.php\/wp-json\/wp\/v2\/posts\/16045"}],"collection":[{"href":"https:\/\/jeffersonisac.adv.br\/index.php\/wp-json\/wp\/v2\/posts"}],"about":[{"href":"https:\/\/jeffersonisac.adv.br\/index.php\/wp-json\/wp\/v2\/types\/post"}],"replies":[{"embeddable":true,"href":"https:\/\/jeffersonisac.adv.br\/index.php\/wp-json\/wp\/v2\/comments?post=16045"}],"version-history":[{"count":0,"href":"https:\/\/jeffersonisac.adv.br\/index.php\/wp-json\/wp\/v2\/posts\/16045\/revisions"}],"wp:attachment":[{"href":"https:\/\/jeffersonisac.adv.br\/index.php\/wp-json\/wp\/v2\/media?parent=16045"}],"wp:term":[{"taxonomy":"category","embeddable":true,"href":"https:\/\/jeffersonisac.adv.br\/index.php\/wp-json\/wp\/v2\/categories?post=16045"},{"taxonomy":"post_tag","embeddable":true,"href":"https:\/\/jeffersonisac.adv.br\/index.php\/wp-json\/wp\/v2\/tags?post=16045"}],"curies":[{"name":"wp","href":"https:\/\/api.w.org\/{rel}","templated":true}]}}