{"id":16236,"date":"2026-04-17T16:25:32","date_gmt":"2026-04-17T19:25:32","guid":{"rendered":"https:\/\/jeffersonisac.adv.br\/index.php\/2026\/04\/17\/camara-celebra-aniversario-de-brasilia-e-destaca-papel-da-capital-na-democracia\/"},"modified":"2026-04-17T16:25:32","modified_gmt":"2026-04-17T19:25:32","slug":"camara-celebra-aniversario-de-brasilia-e-destaca-papel-da-capital-na-democracia","status":"publish","type":"post","link":"https:\/\/jeffersonisac.adv.br\/index.php\/2026\/04\/17\/camara-celebra-aniversario-de-brasilia-e-destaca-papel-da-capital-na-democracia\/","title":{"rendered":"C\u00e2mara celebra anivers\u00e1rio de Bras\u00edlia e destaca papel da capital na democracia"},"content":{"rendered":"<p>Post Content<\/p>","protected":false},"excerpt":{"rendered":"<p>Post Content<\/p>\n","protected":false},"author":0,"featured_media":0,"comment_status":"open","ping_status":"open","sticky":false,"template":"","format":"standard","meta":{"footnotes":""},"categories":[1],"tags":[],"_links":{"self":[{"href":"https:\/\/jeffersonisac.adv.br\/index.php\/wp-json\/wp\/v2\/posts\/16236"}],"collection":[{"href":"https:\/\/jeffersonisac.adv.br\/index.php\/wp-json\/wp\/v2\/posts"}],"about":[{"href":"https:\/\/jeffersonisac.adv.br\/index.php\/wp-json\/wp\/v2\/types\/post"}],"replies":[{"embeddable":true,"href":"https:\/\/jeffersonisac.adv.br\/index.php\/wp-json\/wp\/v2\/comments?post=16236"}],"version-history":[{"count":0,"href":"https:\/\/jeffersonisac.adv.br\/index.php\/wp-json\/wp\/v2\/posts\/16236\/revisions"}],"wp:attachment":[{"href":"https:\/\/jeffersonisac.adv.br\/index.php\/wp-json\/wp\/v2\/media?parent=16236"}],"wp:term":[{"taxonomy":"category","embeddable":true,"href":"https:\/\/jeffersonisac.adv.br\/index.php\/wp-json\/wp\/v2\/categories?post=16236"},{"taxonomy":"post_tag","embeddable":true,"href":"https:\/\/jeffersonisac.adv.br\/index.php\/wp-json\/wp\/v2\/tags?post=16236"}],"curies":[{"name":"wp","href":"https:\/\/api.w.org\/{rel}","templated":true}]}}