{"id":2237,"date":"2023-09-11T13:03:14","date_gmt":"2023-09-11T16:03:14","guid":{"rendered":"https:\/\/jeffersonisac.adv.br\/index.php\/2023\/09\/11\/comissao-promove-debate-sobre-a-situacao-dos-quilombolas-no-brasil\/"},"modified":"2023-09-11T13:03:14","modified_gmt":"2023-09-11T16:03:14","slug":"comissao-promove-debate-sobre-a-situacao-dos-quilombolas-no-brasil","status":"publish","type":"post","link":"https:\/\/jeffersonisac.adv.br\/index.php\/2023\/09\/11\/comissao-promove-debate-sobre-a-situacao-dos-quilombolas-no-brasil\/","title":{"rendered":"Comiss\u00e3o promove debate sobre a situa\u00e7\u00e3o dos quilombolas no Brasil"},"content":{"rendered":"<div class=\"image-container\">\n<div class=\"midia-creditos\"><em>Divulga\u00e7\u00e3o\/Minist\u00e9rio de Minas e Energia<\/em><\/div>\n<div class=\"media-wrapper\"><\/div>\n<div class=\"midia-legenda\">Pela primeira vez, um censo realizado no Brasil trouxe dados sobre a popula\u00e7\u00e3o quilombola<\/div>\n<\/div>\n<p>A Comiss\u00e3o de Direitos Humanos, Minorias e Igualdade Racial da C\u00e2mara dos Deputados promove nesta quarta-feira (13) debate sobre a situa\u00e7\u00e3o dos quilombolas no Brasil. Ser\u00e3o realizadas tr\u00eas mesas-redondas abordando os seguintes temas:<\/p>\n<p>Censo 2022 do IBGE &#8211; Popula\u00e7\u00f5es Quilombolas<br \/>\npropostas de pol\u00edticas p\u00fablicas e defesa dos direitos das mulheres quilombolas do Brasil<br \/>\npol\u00edticas de combate ao racismo e o respeito e a efetividade dos direitos das comunidades quilombolas.<\/p>\n<p><a href=\"https:\/\/www.camara.leg.br\/evento-legislativo\/69800\">Confira a programa\u00e7\u00e3o e os convidados\u00a0<\/a><\/p>\n<p>A deputada Reginete Bispo (PT-RS), uma das autoras do pedido para a realiza\u00e7\u00e3o do debate, destaca que o Censo de 2022 mostrou que Brasil tem 1,32 milh\u00e3o de quilombolas, residentes em 1.696 munic\u00edpios. Essa foi a primeira vez que o estudo do IBGE fez esse recorte populacional.<\/p>\n<p>&#8220;Nosso debate tem como objetivo refletir sobre a import\u00e2ncia da produ\u00e7\u00e3o de dados oficiais pelo Brasil e os desafios de pensar pol\u00edticas p\u00fablicas para a popula\u00e7\u00e3o quilombola, compreendendo sua diversidade territorial e os desafios do debate sobre o acesso \u00e0 terra&#8221;, afirmou Reginete Bispo.<\/p>\n<p>Para a deputada Luizianne Lins (PT-CE), que tamb\u00e9m sugeriu o debate, a luta quilombola existe e resiste a partir da fundamental participa\u00e7\u00e3o feminina e, por isso, &#8220;\u00e9 necess\u00e1rio fortalecer o enfrentamento \u00e0 viol\u00eancia contra as mulheres quilombolas, \u00e0 desigualdade racial, social, de g\u00eanero, gera\u00e7\u00e3o e etnia, e a defesa de seus territ\u00f3rios&#8221;.<\/p>\n<p>O debate ser\u00e1 realizado \u00e0s 14h30, no plen\u00e1rio 9.<\/p>","protected":false},"excerpt":{"rendered":"<p>Divulga\u00e7\u00e3o\/Minist\u00e9rio de Minas e Energia Pela primeira vez, um censo realizado no Brasil trouxe dados sobre a popula\u00e7\u00e3o quilombola A Comiss\u00e3o de Direitos Humanos, Minorias e Igualdade Racial da C\u00e2mara dos Deputados promove nesta quarta-feira (13) debate sobre a situa\u00e7\u00e3o dos quilombolas no Brasil. Ser\u00e3o realizadas tr\u00eas mesas-redondas abordando os seguintes temas: Censo 2022 do [&hellip;]<\/p>\n","protected":false},"author":0,"featured_media":0,"comment_status":"open","ping_status":"open","sticky":false,"template":"","format":"standard","meta":{"footnotes":""},"categories":[1],"tags":[],"_links":{"self":[{"href":"https:\/\/jeffersonisac.adv.br\/index.php\/wp-json\/wp\/v2\/posts\/2237"}],"collection":[{"href":"https:\/\/jeffersonisac.adv.br\/index.php\/wp-json\/wp\/v2\/posts"}],"about":[{"href":"https:\/\/jeffersonisac.adv.br\/index.php\/wp-json\/wp\/v2\/types\/post"}],"replies":[{"embeddable":true,"href":"https:\/\/jeffersonisac.adv.br\/index.php\/wp-json\/wp\/v2\/comments?post=2237"}],"version-history":[{"count":0,"href":"https:\/\/jeffersonisac.adv.br\/index.php\/wp-json\/wp\/v2\/posts\/2237\/revisions"}],"wp:attachment":[{"href":"https:\/\/jeffersonisac.adv.br\/index.php\/wp-json\/wp\/v2\/media?parent=2237"}],"wp:term":[{"taxonomy":"category","embeddable":true,"href":"https:\/\/jeffersonisac.adv.br\/index.php\/wp-json\/wp\/v2\/categories?post=2237"},{"taxonomy":"post_tag","embeddable":true,"href":"https:\/\/jeffersonisac.adv.br\/index.php\/wp-json\/wp\/v2\/tags?post=2237"}],"curies":[{"name":"wp","href":"https:\/\/api.w.org\/{rel}","templated":true}]}}