{"id":2268,"date":"2023-09-11T15:24:10","date_gmt":"2023-09-11T18:24:10","guid":{"rendered":"https:\/\/jeffersonisac.adv.br\/index.php\/2023\/09\/11\/comissoes-promovem-audiencia-publica-com-a-ministra-da-saude\/"},"modified":"2023-09-11T15:24:10","modified_gmt":"2023-09-11T18:24:10","slug":"comissoes-promovem-audiencia-publica-com-a-ministra-da-saude","status":"publish","type":"post","link":"https:\/\/jeffersonisac.adv.br\/index.php\/2023\/09\/11\/comissoes-promovem-audiencia-publica-com-a-ministra-da-saude\/","title":{"rendered":"Comiss\u00f5es promovem audi\u00eancia p\u00fablica com a ministra da Sa\u00fade"},"content":{"rendered":"<div class=\"image-container\">\n<div class=\"midia-creditos\"><em>Myke Sena \/ C\u00e2mara dos Deputados<\/em><\/div>\n<div class=\"media-wrapper\"><\/div>\n<div class=\"midia-legenda\">N\u00edsia Trindade em audi\u00eancia p\u00fablica da Comiss\u00e3o de Fiscaliza\u00e7\u00e3o em agosto<\/div>\n<\/div>\n<p>As comiss\u00f5es de Sa\u00fade; e de Previd\u00eancia, Assist\u00eancia Social, Inf\u00e2ncia, Adolesc\u00eancia e Fam\u00edlia da C\u00e2mara dos Deputados recebem nesta quarta-feira (13) a ministra da Sa\u00fade, N\u00edsia Trindade.<\/p>\n<p>O comparecimento da ministra atende a requerimentos dos deputados Chris Tonietto (PL-RJ), Osmar Terra (MDB-RS) e Luiz Ovando (PP-MS).<\/p>\n<p>Chris Tonietto quer informa\u00e7\u00f5es sobre resolu\u00e7\u00e3o de julho deste ano do Conselho Nacional de Sa\u00fade para definir as &#8220;orienta\u00e7\u00f5es estrat\u00e9gicas para o <span class=\"termoGlossario\">Plano Plurianual<\/span> (PPA) e para o Plano Nacional de Sa\u00fade (PNS), de 2024 a 2027&#8243;. &#8220;A resolu\u00e7\u00e3o orienta a reparti\u00e7\u00e3o de compet\u00eancias entre os Poderes e a execu\u00e7\u00e3o de pol\u00edticas p\u00fablicas que se relacionam com &#8216;a legaliza\u00e7\u00e3o do aborto e a legaliza\u00e7\u00e3o da maconha no Brasil&#8217;. Tais objetivos, al\u00e9m de implicarem em perigosa intromiss\u00e3o em mat\u00e9rias que dizem respeito exclusivamente ao Congresso Nacional, tamb\u00e9m atacam frontalmente direitos fundamentais, como \u00e9 o caso do direito \u00e0 vida e \u00e0 inviolabilidade da integridade f\u00edsica, ps\u00edquica e moral de crian\u00e7as e adolescentes&#8221;, ressaltou a deputada.<\/p>\n<p>Osmar Terra quer esclarecimentos da ministra a respeito de entrevista na qual ela teria falado sobre\u00a0 a poss\u00edvel puni\u00e7\u00e3o a m\u00e9dicos contr\u00e1rios a vacinas. &#8220;\u00c9 importante a ministra esclarecer esse fato inusitado, porque pela primeira vez na hist\u00f3ria do nosso Pa\u00eds um ministro da Sa\u00fade se disp\u00f5e a formar um grupo de trabalho para penalizar profissionais da \u00e1rea que possuem diverg\u00eancias de opini\u00e3o&#8221;, justificou o deputado no requerimento.<\/p>\n<p>J\u00e1 Luiz Ovando espera respostas sobre o n\u00e3o empenho de emendas parlamentares e o n\u00e3o pagamento de emendas empenhadas em um n\u00edvel que garanta o adequado custeio da M\u00e9dia e Alta Complexidade (MAC) durante o corrente ano.<\/p>\n<p>A audi\u00eancia p\u00fablica ocorre \u00e0s 14 horas, no plen\u00e1rio 7. <a href=\"https:\/\/www.camara.leg.br\/evento-legislativo\/69839\">Confira a pauta completa<\/a>.<\/p>","protected":false},"excerpt":{"rendered":"<p>Myke Sena \/ C\u00e2mara dos Deputados N\u00edsia Trindade em audi\u00eancia p\u00fablica da Comiss\u00e3o de Fiscaliza\u00e7\u00e3o em agosto As comiss\u00f5es de Sa\u00fade; e de Previd\u00eancia, Assist\u00eancia Social, Inf\u00e2ncia, Adolesc\u00eancia e Fam\u00edlia da C\u00e2mara dos Deputados recebem nesta quarta-feira (13) a ministra da Sa\u00fade, N\u00edsia Trindade. O comparecimento da ministra atende a requerimentos dos deputados Chris Tonietto [&hellip;]<\/p>\n","protected":false},"author":0,"featured_media":0,"comment_status":"open","ping_status":"open","sticky":false,"template":"","format":"standard","meta":{"footnotes":""},"categories":[1],"tags":[],"_links":{"self":[{"href":"https:\/\/jeffersonisac.adv.br\/index.php\/wp-json\/wp\/v2\/posts\/2268"}],"collection":[{"href":"https:\/\/jeffersonisac.adv.br\/index.php\/wp-json\/wp\/v2\/posts"}],"about":[{"href":"https:\/\/jeffersonisac.adv.br\/index.php\/wp-json\/wp\/v2\/types\/post"}],"replies":[{"embeddable":true,"href":"https:\/\/jeffersonisac.adv.br\/index.php\/wp-json\/wp\/v2\/comments?post=2268"}],"version-history":[{"count":0,"href":"https:\/\/jeffersonisac.adv.br\/index.php\/wp-json\/wp\/v2\/posts\/2268\/revisions"}],"wp:attachment":[{"href":"https:\/\/jeffersonisac.adv.br\/index.php\/wp-json\/wp\/v2\/media?parent=2268"}],"wp:term":[{"taxonomy":"category","embeddable":true,"href":"https:\/\/jeffersonisac.adv.br\/index.php\/wp-json\/wp\/v2\/categories?post=2268"},{"taxonomy":"post_tag","embeddable":true,"href":"https:\/\/jeffersonisac.adv.br\/index.php\/wp-json\/wp\/v2\/tags?post=2268"}],"curies":[{"name":"wp","href":"https:\/\/api.w.org\/{rel}","templated":true}]}}