{"id":2277,"date":"2023-09-11T21:39:20","date_gmt":"2023-09-12T00:39:20","guid":{"rendered":"https:\/\/jeffersonisac.adv.br\/index.php\/2023\/09\/11\/congresso-recebe-projecao-em-apoio-a-3a-marcha-das-mulheres-indigenas\/"},"modified":"2023-09-11T21:39:20","modified_gmt":"2023-09-12T00:39:20","slug":"congresso-recebe-projecao-em-apoio-a-3a-marcha-das-mulheres-indigenas","status":"publish","type":"post","link":"https:\/\/jeffersonisac.adv.br\/index.php\/2023\/09\/11\/congresso-recebe-projecao-em-apoio-a-3a-marcha-das-mulheres-indigenas\/","title":{"rendered":"Congresso recebe proje\u00e7\u00e3o em apoio \u00e0 3\u00aa Marcha das Mulheres Ind\u00edgenas"},"content":{"rendered":"<div class=\"image-container\">\n<div class=\"midia-creditos\"><em>Pierre Triboli\/C\u00e2mara dos Deputados<\/em><\/div>\n<div class=\"media-wrapper\"><\/div>\n<div class=\"midia-legenda\">Proje\u00e7\u00e3o de luzes no Congresso Nacional<\/div>\n<\/div>\n<p>O Congresso Nacional recebeu, na noite desta segunda-feira (11), proje\u00e7\u00e3o especial em apoio \u00e0 3\u00aa Marcha das Mulheres Ind\u00edgenas: Mulheres Biomas em Defesa da Biodiversidade pelas Ra\u00edzes Ancestrais, evento que ocorre em Bras\u00edlia de 11 a 13 de setembro.<\/p>\n<p>A iniciativa, organizada pela Articula\u00e7\u00e3o Nacional das Mulheres Ind\u00edgenas Guerreiras da Ancestralidade (Anmiga) e pelas Mulheres Biomas do Brasil, re\u00fane lideran\u00e7as femininas ind\u00edgenas com o prop\u00f3sito de fortalecer suas a\u00e7\u00f5es e abordar os desafios enfrentados pela pol\u00edtica ind\u00edgena no Brasil.<\/p>\n<p>No Plen\u00e1rio da C\u00e2mara dos Deputados, foi realizada <a href=\"https:\/\/www.camara.leg.br\/noticias\/996086-sessao-solene-da-camara-faz-homenagem-a-3a-marcha-das-mulheres-indigenas\/\">sess\u00e3o solene nesta segunda-feira em homenagem \u00e0 marcha<\/a>. A programa\u00e7\u00e3o do evento tamb\u00e9m inclui lan\u00e7amento de livros, grupos de trabalho e apresenta\u00e7\u00f5es culturais.<\/p>","protected":false},"excerpt":{"rendered":"<p>Pierre Triboli\/C\u00e2mara dos Deputados Proje\u00e7\u00e3o de luzes no Congresso Nacional O Congresso Nacional recebeu, na noite desta segunda-feira (11), proje\u00e7\u00e3o especial em apoio \u00e0 3\u00aa Marcha das Mulheres Ind\u00edgenas: Mulheres Biomas em Defesa da Biodiversidade pelas Ra\u00edzes Ancestrais, evento que ocorre em Bras\u00edlia de 11 a 13 de setembro. A iniciativa, organizada pela Articula\u00e7\u00e3o Nacional [&hellip;]<\/p>\n","protected":false},"author":0,"featured_media":0,"comment_status":"open","ping_status":"open","sticky":false,"template":"","format":"standard","meta":{"footnotes":""},"categories":[1],"tags":[],"_links":{"self":[{"href":"https:\/\/jeffersonisac.adv.br\/index.php\/wp-json\/wp\/v2\/posts\/2277"}],"collection":[{"href":"https:\/\/jeffersonisac.adv.br\/index.php\/wp-json\/wp\/v2\/posts"}],"about":[{"href":"https:\/\/jeffersonisac.adv.br\/index.php\/wp-json\/wp\/v2\/types\/post"}],"replies":[{"embeddable":true,"href":"https:\/\/jeffersonisac.adv.br\/index.php\/wp-json\/wp\/v2\/comments?post=2277"}],"version-history":[{"count":0,"href":"https:\/\/jeffersonisac.adv.br\/index.php\/wp-json\/wp\/v2\/posts\/2277\/revisions"}],"wp:attachment":[{"href":"https:\/\/jeffersonisac.adv.br\/index.php\/wp-json\/wp\/v2\/media?parent=2277"}],"wp:term":[{"taxonomy":"category","embeddable":true,"href":"https:\/\/jeffersonisac.adv.br\/index.php\/wp-json\/wp\/v2\/categories?post=2277"},{"taxonomy":"post_tag","embeddable":true,"href":"https:\/\/jeffersonisac.adv.br\/index.php\/wp-json\/wp\/v2\/tags?post=2277"}],"curies":[{"name":"wp","href":"https:\/\/api.w.org\/{rel}","templated":true}]}}