{"id":2281,"date":"2023-09-12T08:39:50","date_gmt":"2023-09-12T11:39:50","guid":{"rendered":"https:\/\/jeffersonisac.adv.br\/index.php\/2023\/09\/12\/centro-de-estudos-lanca-publicacoes-sobre-divida-publica-e-retomada-economica-no-brasil\/"},"modified":"2023-09-12T08:39:50","modified_gmt":"2023-09-12T11:39:50","slug":"centro-de-estudos-lanca-publicacoes-sobre-divida-publica-e-retomada-economica-no-brasil","status":"publish","type":"post","link":"https:\/\/jeffersonisac.adv.br\/index.php\/2023\/09\/12\/centro-de-estudos-lanca-publicacoes-sobre-divida-publica-e-retomada-economica-no-brasil\/","title":{"rendered":"Centro de Estudos lan\u00e7a publica\u00e7\u00f5es sobre d\u00edvida p\u00fablica e retomada econ\u00f4mica no Brasil"},"content":{"rendered":"<div class=\"image-container\">\n<div class=\"midia-creditos\"><em>Depositphotos<\/em><\/div>\n<div class=\"media-wrapper\"><\/div>\n<div class=\"midia-legenda\"><\/div>\n<\/div>\n<p>O <span class=\"termoGlossario\">Centro de Estudos e Debates Estrat\u00e9gicos<\/span> da C\u00e2mara dos Deputados (Cedes) lan\u00e7a nesta ter\u00e7a-feira (13) as <a href=\"https:\/\/www2.camara.leg.br\/a-camara\/estruturaadm\/altosestudos\/noticias\/11-julho-lancamento-retomada-economica-geracao-de-emprego-e-renda-e-a-divida-publica-brasileira-um-novo-estudo\">publica\u00e7\u00f5es<\/a> Retomada Econ\u00f4mica e Gera\u00e7\u00e3o de Emprego e Renda no P\u00f3s-Pandemia e A D\u00edvida P\u00fablica Brasileira: um novo estudo.<\/p>\n<p>A primeira publica\u00e7\u00e3o, relatada pelo deputado Da Vitoria (PP-ES) e pelo ex-deputado Francisco Jr. (GO), teve como objetivo principal definir o papel do Estado, da iniciativa privada e das organiza\u00e7\u00f5es da sociedade civil nas estrat\u00e9gias e pol\u00edticas de recupera\u00e7\u00e3o da economia e de gera\u00e7\u00e3o de emprego e renda no p\u00f3s-pandemia.<\/p>\n<p>O estudo sobre a d\u00edvida p\u00fablica brasileira foi relatado pelo deputado F\u00e9lix Mendon\u00e7a J\u00fanior (PDT-BA) e pelo ex-deputado Denis Bezerra (CE) para atualizar estudo feito em 2005, incorporando as diversas modifica\u00e7\u00f5es ocorridas no per\u00edodo no cen\u00e1rio da d\u00edvida p\u00fablica.<\/p>\n<p><a href=\"https:\/\/www.camara.leg.br\/evento-legislativo\/67745\">Confira a divulga\u00e7\u00e3o do lan\u00e7amento feita pelo Cedes<\/a><\/p>\n<p>O evento ocorrer\u00e1 \u00e0s 18 horas\u00a0 no Sal\u00e3o Nobre<\/p>","protected":false},"excerpt":{"rendered":"<p>Depositphotos O Centro de Estudos e Debates Estrat\u00e9gicos da C\u00e2mara dos Deputados (Cedes) lan\u00e7a nesta ter\u00e7a-feira (13) as publica\u00e7\u00f5es Retomada Econ\u00f4mica e Gera\u00e7\u00e3o de Emprego e Renda no P\u00f3s-Pandemia e A D\u00edvida P\u00fablica Brasileira: um novo estudo. A primeira publica\u00e7\u00e3o, relatada pelo deputado Da Vitoria (PP-ES) e pelo ex-deputado Francisco Jr. (GO), teve como objetivo [&hellip;]<\/p>\n","protected":false},"author":0,"featured_media":0,"comment_status":"open","ping_status":"open","sticky":false,"template":"","format":"standard","meta":{"footnotes":""},"categories":[1],"tags":[],"_links":{"self":[{"href":"https:\/\/jeffersonisac.adv.br\/index.php\/wp-json\/wp\/v2\/posts\/2281"}],"collection":[{"href":"https:\/\/jeffersonisac.adv.br\/index.php\/wp-json\/wp\/v2\/posts"}],"about":[{"href":"https:\/\/jeffersonisac.adv.br\/index.php\/wp-json\/wp\/v2\/types\/post"}],"replies":[{"embeddable":true,"href":"https:\/\/jeffersonisac.adv.br\/index.php\/wp-json\/wp\/v2\/comments?post=2281"}],"version-history":[{"count":0,"href":"https:\/\/jeffersonisac.adv.br\/index.php\/wp-json\/wp\/v2\/posts\/2281\/revisions"}],"wp:attachment":[{"href":"https:\/\/jeffersonisac.adv.br\/index.php\/wp-json\/wp\/v2\/media?parent=2281"}],"wp:term":[{"taxonomy":"category","embeddable":true,"href":"https:\/\/jeffersonisac.adv.br\/index.php\/wp-json\/wp\/v2\/categories?post=2281"},{"taxonomy":"post_tag","embeddable":true,"href":"https:\/\/jeffersonisac.adv.br\/index.php\/wp-json\/wp\/v2\/tags?post=2281"}],"curies":[{"name":"wp","href":"https:\/\/api.w.org\/{rel}","templated":true}]}}