{"id":2283,"date":"2023-09-12T08:39:50","date_gmt":"2023-09-12T11:39:50","guid":{"rendered":"https:\/\/jeffersonisac.adv.br\/index.php\/2023\/09\/12\/comissao-mista-vai-debater-implementacao-de-politica-nacional-de-migracoes\/"},"modified":"2023-09-12T08:39:50","modified_gmt":"2023-09-12T11:39:50","slug":"comissao-mista-vai-debater-implementacao-de-politica-nacional-de-migracoes","status":"publish","type":"post","link":"https:\/\/jeffersonisac.adv.br\/index.php\/2023\/09\/12\/comissao-mista-vai-debater-implementacao-de-politica-nacional-de-migracoes\/","title":{"rendered":"Comiss\u00e3o mista vai debater implementa\u00e7\u00e3o de pol\u00edtica nacional de migra\u00e7\u00f5es"},"content":{"rendered":"<div class=\"image-container\">\n<div class=\"midia-creditos\"><em>Rovena Rosa \/ Ag\u00eancia Brasil<\/em><\/div>\n<div class=\"media-wrapper\"><\/div>\n<div class=\"midia-legenda\">Refugiados afeg\u00e3os aguardam acolhimento no Aeroporto Internacional de Guarulhos<\/div>\n<\/div>\n<p>A Comiss\u00e3o Mista Permanente sobre Migra\u00e7\u00f5es Internacionais e Refugiados<br \/>\nFinalidade vai realizar audi\u00eancia p\u00fablica nesta quarta-feira (13) para debater a <a class=\"linkLegislacao\" href=\"https:\/\/www2.camara.gov.br\/legin\/fed\/lei\/2017\/lei-13445-24-maio-2017-784925-norma-pl.html\">Lei de Migra\u00e7\u00e3o<\/a>, especialmente o seu artigo 120, que diz respeito \u00e0 institucionaliza\u00e7\u00e3o da Pol\u00edtica Nacional de Migra\u00e7\u00f5es, Ref\u00fagio e Apatridia.<\/p>\n<p>Segundo o autor do requerimento para a realiza\u00e7\u00e3o da audi\u00eancia, deputado T\u00falio Gad\u00ealha (Rede-PE), essa pol\u00edtica &#8220;tem tido aclama\u00e7\u00e3o forte por parte da sociedade civil, no que se refere a sua implementa\u00e7\u00e3o&#8221;. Ele tamb\u00e9m \u00e9 o relator do colegiado e destaca, no entanto, a necessidade de estados e munic\u00edpios se organizarem conjuntamente para promoverem uma coopera\u00e7\u00e3o nesse sentido.<\/p>\n<p>&#8220;Entendemos que esta comiss\u00e3o tem papel fundamental para fortalecer as iniciativas j\u00e1 existentes em alguns estados, interligar os diversos atores respons\u00e1veis por implementar a Pol\u00edtica Nacional de Migra\u00e7\u00f5es, bem como motivar os membros a criarem comit\u00eas estaduais nos estados que ainda n\u00e3o os tenham&#8221;, destacou.<\/p>\n<p><a href=\"https:\/\/legis.senado.leg.br\/comissoes\/reuniao?reuniao=11820\">Confira a lista de convidados para a audi\u00eancia<\/a><\/p>\n<p>A reuni\u00e3o est\u00e1 marcada para as 14h30 no plen\u00e1rio 9 da ala Alexandre Costa, no Senado.<\/p>","protected":false},"excerpt":{"rendered":"<p>Rovena Rosa \/ Ag\u00eancia Brasil Refugiados afeg\u00e3os aguardam acolhimento no Aeroporto Internacional de Guarulhos A Comiss\u00e3o Mista Permanente sobre Migra\u00e7\u00f5es Internacionais e Refugiados Finalidade vai realizar audi\u00eancia p\u00fablica nesta quarta-feira (13) para debater a Lei de Migra\u00e7\u00e3o, especialmente o seu artigo 120, que diz respeito \u00e0 institucionaliza\u00e7\u00e3o da Pol\u00edtica Nacional de Migra\u00e7\u00f5es, Ref\u00fagio e Apatridia. [&hellip;]<\/p>\n","protected":false},"author":0,"featured_media":0,"comment_status":"open","ping_status":"open","sticky":false,"template":"","format":"standard","meta":{"footnotes":""},"categories":[1],"tags":[],"_links":{"self":[{"href":"https:\/\/jeffersonisac.adv.br\/index.php\/wp-json\/wp\/v2\/posts\/2283"}],"collection":[{"href":"https:\/\/jeffersonisac.adv.br\/index.php\/wp-json\/wp\/v2\/posts"}],"about":[{"href":"https:\/\/jeffersonisac.adv.br\/index.php\/wp-json\/wp\/v2\/types\/post"}],"replies":[{"embeddable":true,"href":"https:\/\/jeffersonisac.adv.br\/index.php\/wp-json\/wp\/v2\/comments?post=2283"}],"version-history":[{"count":0,"href":"https:\/\/jeffersonisac.adv.br\/index.php\/wp-json\/wp\/v2\/posts\/2283\/revisions"}],"wp:attachment":[{"href":"https:\/\/jeffersonisac.adv.br\/index.php\/wp-json\/wp\/v2\/media?parent=2283"}],"wp:term":[{"taxonomy":"category","embeddable":true,"href":"https:\/\/jeffersonisac.adv.br\/index.php\/wp-json\/wp\/v2\/categories?post=2283"},{"taxonomy":"post_tag","embeddable":true,"href":"https:\/\/jeffersonisac.adv.br\/index.php\/wp-json\/wp\/v2\/tags?post=2283"}],"curies":[{"name":"wp","href":"https:\/\/api.w.org\/{rel}","templated":true}]}}