{"id":2307,"date":"2023-09-12T21:16:01","date_gmt":"2023-09-13T00:16:01","guid":{"rendered":"https:\/\/jeffersonisac.adv.br\/index.php\/2023\/09\/12\/ampliacao-da-cobertura-vacinal-ainda-e-desafio-diz-ministra-da-saude\/"},"modified":"2023-09-12T21:16:01","modified_gmt":"2023-09-13T00:16:01","slug":"ampliacao-da-cobertura-vacinal-ainda-e-desafio-diz-ministra-da-saude","status":"publish","type":"post","link":"https:\/\/jeffersonisac.adv.br\/index.php\/2023\/09\/12\/ampliacao-da-cobertura-vacinal-ainda-e-desafio-diz-ministra-da-saude\/","title":{"rendered":"Amplia\u00e7\u00e3o da cobertura vacinal ainda \u00e9 desafio, diz ministra da Sa\u00fade"},"content":{"rendered":"<div class=\"image-container\">\n<div class=\"midia-creditos\"><em>Renato Araujo\/C\u00e2mara dos Deputados<\/em><\/div>\n<div class=\"media-wrapper\"><\/div>\n<div class=\"midia-legenda\">Comemora\u00e7\u00e3o dos 50 anos do Programa Nacional de Imuniza\u00e7\u00f5es (PNI)<\/div>\n<\/div>\n<p>Para marcar os 50 anos do Programa Nacional de Imuniza\u00e7\u00f5es (PNI), a Frente Parlamentar em Defesa da Vacina realizou uma solenidade nesta ter\u00e7a-feira (12) na C\u00e2mara dos Deputados.<\/p>\n<p>O evento contou com a participa\u00e7\u00e3o da ministra da sa\u00fade, N\u00edsia Trindade, que destacou que o aumento da cobertura vacinal tem que ser um esfor\u00e7o conjunto entre os poderes Legislativo e Executivo e toda a sociedade.<\/p>\n<p>\u201cO movimento nacional pela vacina\u00e7\u00e3o n\u00e3o tem dona, n\u00e3o tem dono. N\u00e3o \u00e9 do Minist\u00e9rio da Sa\u00fade, \u00e9 da sociedade! Entre as resolu\u00e7\u00f5es da 17\u00aa Confer\u00eancia Nacional de Sa\u00fade est\u00e1 o aumento da cobertura vacinal no Brasil e a import\u00e2ncia dessa atua\u00e7\u00e3o conjunta de governo federal, estados e de munic\u00edpios para que atinjamos esse objetivo\u201d, disse a ministra.<\/p>\n<p>De acordo com o <a href=\"https:\/\/observatoriodaaps.com.br\/\" target=\"_blank\" rel=\"noopener\">Observat\u00f3rio da Aten\u00e7\u00e3o Prim\u00e1ria \u00e0 Sa\u00fade<\/a>, de 2001 a 2015, a m\u00e9dia nacional de cobertura vacinal se manteve sempre acima dos 70%, mas, em 2016, diminuiu para 59,9% e vem caindo desde 2019, atingindo os 52,1% em 2021.<\/p>\n<p>Mas a ministra da Sa\u00fade j\u00e1 v\u00ea resultados da implanta\u00e7\u00e3o do Movimento Nacional pela Vacina\u00e7\u00e3o no in\u00edcio do ano. Ela informou que os primeiros dados coletados pela secretaria de Sa\u00fade Digital mostram que a cobertura de vacina\u00e7\u00e3o contra HPV aumentou em 80% do ano passado para c\u00e1 e a de meningite teve um aumento de 100%.<\/p>\n<p><strong>Campanhas de vacina\u00e7\u00e3o<\/strong><br \/>\nO presidente da frente parlamentar, deputado Dorinaldo Malafaia (PDT-AP), afirmou que as campanhas de vacina\u00e7\u00e3o e de conscientiza\u00e7\u00e3o da popula\u00e7\u00e3o precisam ser intensificadas para que as vacinas possam continuar protegendo vidas.<\/p>\n<p>\u201cN\u00e3o \u00e9 poss\u00edvel que o Parlamento n\u00e3o se engaje nesse processo de retomada da cobertura vacinal. Lamentavelmente n\u00f3s temos queda na vacina\u00e7\u00e3o porque infelizmente, na pandemia de Covid, houve um movimento antivacina que ainda est\u00e1 dificultando que as pessoas sejam protegidas.\u201d<\/p>\n<p>O m\u00e9dico Dr\u00e1uzio Varela e o youtuber Felipe Neto, embaixadores do movimento pela vacina\u00e7\u00e3o, participaram virtualmente da solenidade que contou ainda com a vacina\u00e7\u00e3o das pessoas presentes que quisessem completar seus cart\u00f5es de vacina\u00e7\u00e3o.<\/p>","protected":false},"excerpt":{"rendered":"<p>Renato Araujo\/C\u00e2mara dos Deputados Comemora\u00e7\u00e3o dos 50 anos do Programa Nacional de Imuniza\u00e7\u00f5es (PNI) Para marcar os 50 anos do Programa Nacional de Imuniza\u00e7\u00f5es (PNI), a Frente Parlamentar em Defesa da Vacina realizou uma solenidade nesta ter\u00e7a-feira (12) na C\u00e2mara dos Deputados. O evento contou com a participa\u00e7\u00e3o da ministra da sa\u00fade, N\u00edsia Trindade, que [&hellip;]<\/p>\n","protected":false},"author":0,"featured_media":0,"comment_status":"open","ping_status":"open","sticky":false,"template":"","format":"standard","meta":{"footnotes":""},"categories":[1],"tags":[],"_links":{"self":[{"href":"https:\/\/jeffersonisac.adv.br\/index.php\/wp-json\/wp\/v2\/posts\/2307"}],"collection":[{"href":"https:\/\/jeffersonisac.adv.br\/index.php\/wp-json\/wp\/v2\/posts"}],"about":[{"href":"https:\/\/jeffersonisac.adv.br\/index.php\/wp-json\/wp\/v2\/types\/post"}],"replies":[{"embeddable":true,"href":"https:\/\/jeffersonisac.adv.br\/index.php\/wp-json\/wp\/v2\/comments?post=2307"}],"version-history":[{"count":0,"href":"https:\/\/jeffersonisac.adv.br\/index.php\/wp-json\/wp\/v2\/posts\/2307\/revisions"}],"wp:attachment":[{"href":"https:\/\/jeffersonisac.adv.br\/index.php\/wp-json\/wp\/v2\/media?parent=2307"}],"wp:term":[{"taxonomy":"category","embeddable":true,"href":"https:\/\/jeffersonisac.adv.br\/index.php\/wp-json\/wp\/v2\/categories?post=2307"},{"taxonomy":"post_tag","embeddable":true,"href":"https:\/\/jeffersonisac.adv.br\/index.php\/wp-json\/wp\/v2\/tags?post=2307"}],"curies":[{"name":"wp","href":"https:\/\/api.w.org\/{rel}","templated":true}]}}