{"id":2310,"date":"2023-09-13T09:00:44","date_gmt":"2023-09-13T12:00:44","guid":{"rendered":"https:\/\/jeffersonisac.adv.br\/index.php\/2023\/09\/13\/governo-retira-urgencia-de-propostas-que-alteram-regras-do-mercado-financeiro\/"},"modified":"2023-09-13T09:00:44","modified_gmt":"2023-09-13T12:00:44","slug":"governo-retira-urgencia-de-propostas-que-alteram-regras-do-mercado-financeiro","status":"publish","type":"post","link":"https:\/\/jeffersonisac.adv.br\/index.php\/2023\/09\/13\/governo-retira-urgencia-de-propostas-que-alteram-regras-do-mercado-financeiro\/","title":{"rendered":"Governo retira urg\u00eancia de propostas que alteram regras do mercado financeiro"},"content":{"rendered":"<div class=\"image-container\">\n<div class=\"midia-creditos\"><em>Depositphotos<\/em><\/div>\n<div class=\"media-wrapper\"><\/div>\n<div class=\"midia-legenda\"><\/div>\n<\/div>\n<p>O governo retirou a <span class=\"termoGlossario\">urg\u00eancia<\/span> para dois projetos em tramita\u00e7\u00e3o na C\u00e2mara dos Deputados que tratam do mercado financeiro (PLs <a href=\"https:\/\/www.camara.leg.br\/noticias\/974958-projeto-preve-maior-protecao-a-acionistas-minoritarios-e-amplia-poderes-da-cvm\">2925\/23<\/a> e <a href=\"https:\/\/www.camara.leg.br\/noticias\/975078-projeto-regulamenta-entidades-do-mercado-financeiro-que-realizam-servicos-de-compensacao\">2926\/23<\/a>). O fim do regime foi um pedido do presidente da Casa, deputado Arthur Lira (PP-AL), para liberar a pauta do Plen\u00e1rio, que estava trancada pelas duas propostas desde o dia 8.<\/p>\n<p>A retirada do regime de urg\u00eancia <a href=\"https:\/\/www.in.gov.br\/en\/web\/dou\/-\/despachos-do-presidente-da-republica-509065016\">foi publicada em edi\u00e7\u00e3o extra<\/a> do Di\u00e1rio Oficial da Uni\u00e3o desta ter\u00e7a-feira (12).<\/p>\n<p>Os dois projetos foram elaborados pela equipe econ\u00f4mica do Minist\u00e9rio da Fazenda. O <a class=\"linkProposicao\" href=\"https:\/\/www.camara.leg.br\/noticias\/974958-projeto-preve-maior-protecao-a-acionistas-minoritarios-e-amplia-poderes-da-cvm\">PL 2925\/23<\/a> altera os atuais padr\u00f5es de governan\u00e7a corporativa do mercado de capitais brasileiro. Entre outros pontos, inclui mecanismos de prote\u00e7\u00e3o a acionistas minorit\u00e1rios e amplia a publicidade em processos arbitrais societ\u00e1rios.<\/p>\n<p>O <a class=\"linkProposicao\" href=\"https:\/\/www.camara.leg.br\/noticias\/975078-projeto-regulamenta-entidades-do-mercado-financeiro-que-realizam-servicos-de-compensacao\">PL 2926\/23<\/a> regulamenta a atua\u00e7\u00e3o das institui\u00e7\u00f5es operadoras de infraestruturas do mercado financeiro (IMFs) sediadas no Pa\u00eds. Essas empresas auxiliam o mercado financeiro, operando sistemas de compensa\u00e7\u00e3o, liquida\u00e7\u00e3o ou registro de pagamentos, entre outras transa\u00e7\u00f5es.<\/p>\n<p><a href=\"https:\/\/www.camara.leg.br\/noticias\/573454-SAIBA-MAIS-SOBRE-A-TRAMITACAO-DE-PROJETOS-DE-LEI\">Saiba mais sobre a tramita\u00e7\u00e3o de projetos de lei<\/a><\/p>","protected":false},"excerpt":{"rendered":"<p>Depositphotos O governo retirou a urg\u00eancia para dois projetos em tramita\u00e7\u00e3o na C\u00e2mara dos Deputados que tratam do mercado financeiro (PLs 2925\/23 e 2926\/23). O fim do regime foi um pedido do presidente da Casa, deputado Arthur Lira (PP-AL), para liberar a pauta do Plen\u00e1rio, que estava trancada pelas duas propostas desde o dia 8. [&hellip;]<\/p>\n","protected":false},"author":0,"featured_media":0,"comment_status":"open","ping_status":"open","sticky":false,"template":"","format":"standard","meta":{"footnotes":""},"categories":[1],"tags":[],"_links":{"self":[{"href":"https:\/\/jeffersonisac.adv.br\/index.php\/wp-json\/wp\/v2\/posts\/2310"}],"collection":[{"href":"https:\/\/jeffersonisac.adv.br\/index.php\/wp-json\/wp\/v2\/posts"}],"about":[{"href":"https:\/\/jeffersonisac.adv.br\/index.php\/wp-json\/wp\/v2\/types\/post"}],"replies":[{"embeddable":true,"href":"https:\/\/jeffersonisac.adv.br\/index.php\/wp-json\/wp\/v2\/comments?post=2310"}],"version-history":[{"count":0,"href":"https:\/\/jeffersonisac.adv.br\/index.php\/wp-json\/wp\/v2\/posts\/2310\/revisions"}],"wp:attachment":[{"href":"https:\/\/jeffersonisac.adv.br\/index.php\/wp-json\/wp\/v2\/media?parent=2310"}],"wp:term":[{"taxonomy":"category","embeddable":true,"href":"https:\/\/jeffersonisac.adv.br\/index.php\/wp-json\/wp\/v2\/categories?post=2310"},{"taxonomy":"post_tag","embeddable":true,"href":"https:\/\/jeffersonisac.adv.br\/index.php\/wp-json\/wp\/v2\/tags?post=2310"}],"curies":[{"name":"wp","href":"https:\/\/api.w.org\/{rel}","templated":true}]}}