{"id":2314,"date":"2023-09-13T09:00:44","date_gmt":"2023-09-13T12:00:44","guid":{"rendered":"https:\/\/jeffersonisac.adv.br\/index.php\/2023\/09\/13\/ccj-aprova-projeto-que-preve-atendimento-humanizado-a-mulheres-no-sus\/"},"modified":"2023-09-13T09:00:44","modified_gmt":"2023-09-13T12:00:44","slug":"ccj-aprova-projeto-que-preve-atendimento-humanizado-a-mulheres-no-sus","status":"publish","type":"post","link":"https:\/\/jeffersonisac.adv.br\/index.php\/2023\/09\/13\/ccj-aprova-projeto-que-preve-atendimento-humanizado-a-mulheres-no-sus\/","title":{"rendered":"CCJ aprova projeto que prev\u00ea atendimento humanizado a mulheres no SUS"},"content":{"rendered":"<div class=\"image-container\">\n<div class=\"midia-creditos\"><em>Vinicius Loures\/C\u00e2mara dos Deputados<\/em><\/div>\n<div class=\"media-wrapper\"><\/div>\n<div class=\"midia-legenda\">Substitutivo de Orlando Silva retomou texto de proposta\u00a0 original<\/div>\n<\/div>\n<p><span>A Comiss\u00e3o de Constitui\u00e7\u00e3o e Justi\u00e7a e de Cidadania (CCJ) da C\u00e2mara dos Deputados aprovou projeto que estabelece atendimento humanizado no Sistema \u00danico de Sa\u00fade a mulheres.<\/span><\/p>\n<p><span>O texto aprovado \u00e9 o <span class=\"termoGlossario\">substitutivo<\/span> do deputado Orlando Silva (PCdoB-SP), que\u00a0 retomou a vers\u00e3o original do <a class=\"linkProposicao\" href=\"https:\/\/www.camara.leg.br\/noticias\/551732-projeto-obriga-sus-a-incluir-acoes-de-atencao-humanizada-a-mulheres\">Projeto de Lei 119\/19<\/a>, da deputada Renata Abreu (Pode-SP), que havia sido <\/span><span>alterado em comiss\u00f5es anteriores para prever atendimento humanizado no \u00e2mbito do SUS de modo geral.\u00a0<\/span><\/p>\n<p><span>O texto estabelece que o SUS deve garantir a\u00e7\u00f5es de <\/span><span>aten\u00e7\u00e3o humanizada \u00e0s mulheres em situa\u00e7\u00f5es relacionadas \u00e0 mortalidade materna, viol\u00eancia dom\u00e9stica e sexual, climat\u00e9rio e menopausa, sa\u00fade mental e g\u00eanero, doen\u00e7as cr\u00f4nico-degenerativas e c\u00e2ncer ginecol\u00f3gico. <\/span><\/p>\n<p><span>A aten\u00e7\u00e3o humanizada tamb\u00e9m deve ser prestada em a\u00e7\u00f5es relacionadas \u00e0 sa\u00fade de adolescentes, mulheres negras, ind\u00edgenas, l\u00e9sbicas, mulheres residentes e trabalhadoras na \u00e1rea rural e mulheres em situa\u00e7\u00e3o de pris\u00e3o.\u00a0<\/span><\/p>\n<p><span>A proposta tramita em <span class=\"termoGlossario\">car\u00e1ter conclusivo<\/span> e, por isso, poder\u00e1 seguir ao Senado, a menos que haja recurso para vota\u00e7\u00e3o pelo Plen\u00e1rio.<\/span><\/p>\n<p><a href=\"https:\/\/www.camara.leg.br\/noticias\/573454-SAIBA-MAIS-SOBRE-A-TRAMITACAO-DE-PROJETOS-DE-LEI\">Saiba mais sobre a tramita\u00e7\u00e3o de projetos de lei<\/a><\/p>","protected":false},"excerpt":{"rendered":"<p>Vinicius Loures\/C\u00e2mara dos Deputados Substitutivo de Orlando Silva retomou texto de proposta\u00a0 original A Comiss\u00e3o de Constitui\u00e7\u00e3o e Justi\u00e7a e de Cidadania (CCJ) da C\u00e2mara dos Deputados aprovou projeto que estabelece atendimento humanizado no Sistema \u00danico de Sa\u00fade a mulheres. O texto aprovado \u00e9 o substitutivo do deputado Orlando Silva (PCdoB-SP), que\u00a0 retomou a vers\u00e3o [&hellip;]<\/p>\n","protected":false},"author":0,"featured_media":0,"comment_status":"open","ping_status":"open","sticky":false,"template":"","format":"standard","meta":{"footnotes":""},"categories":[1],"tags":[],"_links":{"self":[{"href":"https:\/\/jeffersonisac.adv.br\/index.php\/wp-json\/wp\/v2\/posts\/2314"}],"collection":[{"href":"https:\/\/jeffersonisac.adv.br\/index.php\/wp-json\/wp\/v2\/posts"}],"about":[{"href":"https:\/\/jeffersonisac.adv.br\/index.php\/wp-json\/wp\/v2\/types\/post"}],"replies":[{"embeddable":true,"href":"https:\/\/jeffersonisac.adv.br\/index.php\/wp-json\/wp\/v2\/comments?post=2314"}],"version-history":[{"count":0,"href":"https:\/\/jeffersonisac.adv.br\/index.php\/wp-json\/wp\/v2\/posts\/2314\/revisions"}],"wp:attachment":[{"href":"https:\/\/jeffersonisac.adv.br\/index.php\/wp-json\/wp\/v2\/media?parent=2314"}],"wp:term":[{"taxonomy":"category","embeddable":true,"href":"https:\/\/jeffersonisac.adv.br\/index.php\/wp-json\/wp\/v2\/categories?post=2314"},{"taxonomy":"post_tag","embeddable":true,"href":"https:\/\/jeffersonisac.adv.br\/index.php\/wp-json\/wp\/v2\/tags?post=2314"}],"curies":[{"name":"wp","href":"https:\/\/api.w.org\/{rel}","templated":true}]}}